{"id":157776,"date":"2016-12-01T10:24:15","date_gmt":"2016-12-01T09:24:15","guid":{"rendered":"http:\/\/www.fuldaer-nachrichten.de\/?p=157776"},"modified":"2016-12-01T10:24:15","modified_gmt":"2016-12-01T09:24:15","slug":"weihnachtsmarkt-lockt-mit-besonderen-attraktionen-zum-nikolaustag","status":"publish","type":"post","link":"https:\/\/www.fuldaernachrichten.de\/?p=157776","title":{"rendered":"Weihnachtsmarkt lockt mit besonderen Attraktionen zum Nikolaustag"},"content":{"rendered":"<p>Am Nikolaustag, 6. Dezember, besucht der Nikolaus den Fuldaer Weihnachtsmarkt. Zudem werden die sch\u00f6nsten H\u00fctten pr\u00e4miert.  <\/p>\n<p>Erste Station des Nikolauses wird um 17:00 Uhr die B\u00fchne im Kinderweihnachtsland am Borgiasplatz sein, wo er von den Nachwuchsstars der Musikschule Ebert empfangen. Anschlie\u00dfend geht es Richtung B\u00fchne Universit\u00e4tspl\u00e4tz, wo der Nikolaus gegen 17:30 Uhr gemeinsam mit den Fuldaer Turmbl\u00e4sern singen wird. Alle Kinder d\u00fcrfen sich wieder auf N\u00fcsse, Mandeln und S\u00fc\u00dfigkeiten freuen.  <\/p>\n<p>Auch die Auszeichnung der sch\u00f6nsten H\u00fctte findet am 6. Dezember statt. Gegen 18:00 Uhr wird eine Jury, die sich aus Mitgliedern der H\u00e4ndlervereinigung Citymarketing Fulda e.V. sowie dem Fuldaer B\u00fcrgermeister Dag Wehner zusammensetzt, die sch\u00f6nste H\u00fctte des Fuldaer Weihnachtsmarktes pr\u00e4mieren. Die Jury bewertet nach dem Schulnotenprinzip in den Kategorien Getr\u00e4nke, Imbiss\/S\u00fc\u00dfigkeiten und Warensortiment. <\/p>\n<p>\u00e2\u20ac\u00a8Am zweiten bis vierten Adventswochenende pr\u00e4sentiert der F\u00f6rderverein des Kindergartens \u201eKinderplanet\u201c im Kinderweihnachtsland einen vier Meter langen Adventskalender mit zahlreichen Geschenken und \u00dcberraschungen. Gegen einen kleinen Spendenbetrag kann jeder ein T\u00fcrchen erwerben und bekommt ein Geschenk.<\/p>\n<p>\u00e2\u20ac\u00a8Weitere Informationen\u00e2\u20ac\u00a8Tourismus und Kongressmanagement Fulda\u00e2\u20ac\u00a8Bonifatiusplatz 1; Palais Buttlar\u00e2\u20ac\u00a836037 Fulda\u00e2\u20ac\u00a8Telefon: 0661 102-1812\u00e2\u20ac\u00a8E-Mail: tourismus@fulda.de\u00e2\u20ac\u00a8www.tourismus-fulda.de\u00e2\u20ac\u00a8\u00e2\u20ac\u00a8Veranstalter:\u00e2\u20ac\u00a8Magistrat der Stadt Fulda\u00e2\u20ac\u00a8Schlo\u00dfstra\u00dfe 1 \u00e2\u20ac\u00a836037 Fulda www.fulda.de<\/p>\n<p>Das komplette Rahmenprogramm finden Sie im Internet unter www.fulda.de und in der Tourist-Information sowie online unter www.tourismus-fulda.de<\/p>\n","protected":false},"excerpt":{"rendered":"<div class=\"tmnf_excerpt\"><p>Am Nikolaustag, 6. Dezember, besucht der Nikolaus den Fuldaer Weihnachtsmarkt. Zudem werden die sch\u00f6nsten H\u00fctten pr\u00e4miert. Erste Station des Nikolauses wird um 17:00 Uhr die B\u00fchne im Kinderweihnachtsland am Borgiasplatz sein, wo er von den Nachwuchsstars der Musikschule Ebert empfangen. Anschlie\u00dfend geht es Richtung B\u00fchne Universit\u00e4tspl\u00e4tz, wo der Nikolaus gegen 17:30 Uhr gemeinsam mit den &hellip;<\/p>\n<\/div>","protected":false},"author":1,"featured_media":0,"comment_status":"closed","ping_status":"closed","sticky":false,"template":"","format":"standard","meta":{"footnotes":""},"categories":[1],"tags":[],"class_list":["post-157776","post","type-post","status-publish","format-standard","hentry","category-startseite"],"_links":{"self":[{"href":"https:\/\/www.fuldaernachrichten.de\/index.php?rest_route=\/wp\/v2\/posts\/157776","targetHints":{"allow":["GET"]}}],"collection":[{"href":"https:\/\/www.fuldaernachrichten.de\/index.php?rest_route=\/wp\/v2\/posts"}],"about":[{"href":"https:\/\/www.fuldaernachrichten.de\/index.php?rest_route=\/wp\/v2\/types\/post"}],"author":[{"embeddable":true,"href":"https:\/\/www.fuldaernachrichten.de\/index.php?rest_route=\/wp\/v2\/users\/1"}],"replies":[{"embeddable":true,"href":"https:\/\/www.fuldaernachrichten.de\/index.php?rest_route=%2Fwp%2Fv2%2Fcomments&post=157776"}],"version-history":[{"count":1,"href":"https:\/\/www.fuldaernachrichten.de\/index.php?rest_route=\/wp\/v2\/posts\/157776\/revisions"}],"predecessor-version":[{"id":157780,"href":"https:\/\/www.fuldaernachrichten.de\/index.php?rest_route=\/wp\/v2\/posts\/157776\/revisions\/157780"}],"wp:attachment":[{"href":"https:\/\/www.fuldaernachrichten.de\/index.php?rest_route=%2Fwp%2Fv2%2Fmedia&parent=157776"}],"wp:term":[{"taxonomy":"category","embeddable":true,"href":"https:\/\/www.fuldaernachrichten.de\/index.php?rest_route=%2Fwp%2Fv2%2Fcategories&post=157776"},{"taxonomy":"post_tag","embeddable":true,"href":"https:\/\/www.fuldaernachrichten.de\/index.php?rest_route=%2Fwp%2Fv2%2Ftags&post=157776"}],"curies":[{"name":"wp","href":"https:\/\/api.w.org\/{rel}","templated":true}]}}