{"id":157761,"date":"2016-12-01T10:21:19","date_gmt":"2016-12-01T09:21:19","guid":{"rendered":"http:\/\/www.fuldaer-nachrichten.de\/?p=157761"},"modified":"2016-12-01T10:21:19","modified_gmt":"2016-12-01T09:21:19","slug":"kids-on-air-weihnachtssendung","status":"publish","type":"post","link":"https:\/\/www.fuldaernachrichten.de\/?p=157761","title":{"rendered":"Kids ON AIR Weihnachtssendung"},"content":{"rendered":"<p>Am Sonntag, den 4. Dezember gibt es bei Kids ON AIR um 19 Uhr auf Fantastic Radio Bad Hersfeld ein Weihnachtsspezial mit witzigen Einlagen und coolen Weihnachts-Hits und Remixes. Die Radiosendung von Kids f\u00fcr Kids geht mit dieser Spezialausgabe zum letzten Mal in diesem Jahr ON AIR und bringt euch in wundervolle Weihnachtsstimmung. Durch die Sendung moderieren Sarah und Jule, welche den H\u00f6rern die Weihnachtsw\u00fcnsche und die Musik der Kids pr\u00e4sentieren. Damit verabschiedet sich das Kids ON AIR Team f\u00fcr dieses Jahr und w\u00fcnscht allen treuen Zuh\u00f6rern von Fantastic Radio Frohe Weihnachten und auf Wiederh\u00f6ren im neuen Jahr. Wer`s verpa\u00dft, kann eine Woche sp\u00e4ter zur gleichen Sendezeit die Wiederholung anh\u00f6ren. Infos unter: www.kids-onair.de<\/p>\n","protected":false},"excerpt":{"rendered":"<div class=\"tmnf_excerpt\"><p>Am Sonntag, den 4. Dezember gibt es bei Kids ON AIR um 19 Uhr auf Fantastic Radio Bad Hersfeld ein Weihnachtsspezial mit witzigen Einlagen und coolen Weihnachts-Hits und Remixes. Die Radiosendung von Kids f\u00fcr Kids geht mit dieser Spezialausgabe zum letzten Mal in diesem Jahr ON AIR und bringt euch in wundervolle Weihnachtsstimmung. Durch die &hellip;<\/p>\n<\/div>","protected":false},"author":1,"featured_media":157767,"comment_status":"closed","ping_status":"closed","sticky":false,"template":"","format":"standard","meta":{"footnotes":""},"categories":[1],"tags":[],"class_list":["post-157761","post","type-post","status-publish","format-standard","has-post-thumbnail","hentry","category-startseite"],"_links":{"self":[{"href":"https:\/\/www.fuldaernachrichten.de\/index.php?rest_route=\/wp\/v2\/posts\/157761","targetHints":{"allow":["GET"]}}],"collection":[{"href":"https:\/\/www.fuldaernachrichten.de\/index.php?rest_route=\/wp\/v2\/posts"}],"about":[{"href":"https:\/\/www.fuldaernachrichten.de\/index.php?rest_route=\/wp\/v2\/types\/post"}],"author":[{"embeddable":true,"href":"https:\/\/www.fuldaernachrichten.de\/index.php?rest_route=\/wp\/v2\/users\/1"}],"replies":[{"embeddable":true,"href":"https:\/\/www.fuldaernachrichten.de\/index.php?rest_route=%2Fwp%2Fv2%2Fcomments&post=157761"}],"version-history":[{"count":1,"href":"https:\/\/www.fuldaernachrichten.de\/index.php?rest_route=\/wp\/v2\/posts\/157761\/revisions"}],"predecessor-version":[{"id":157768,"href":"https:\/\/www.fuldaernachrichten.de\/index.php?rest_route=\/wp\/v2\/posts\/157761\/revisions\/157768"}],"wp:featuredmedia":[{"embeddable":true,"href":"https:\/\/www.fuldaernachrichten.de\/index.php?rest_route=\/wp\/v2\/media\/157767"}],"wp:attachment":[{"href":"https:\/\/www.fuldaernachrichten.de\/index.php?rest_route=%2Fwp%2Fv2%2Fmedia&parent=157761"}],"wp:term":[{"taxonomy":"category","embeddable":true,"href":"https:\/\/www.fuldaernachrichten.de\/index.php?rest_route=%2Fwp%2Fv2%2Fcategories&post=157761"},{"taxonomy":"post_tag","embeddable":true,"href":"https:\/\/www.fuldaernachrichten.de\/index.php?rest_route=%2Fwp%2Fv2%2Ftags&post=157761"}],"curies":[{"name":"wp","href":"https:\/\/api.w.org\/{rel}","templated":true}]}}