{"id":157758,"date":"2016-12-01T10:21:01","date_gmt":"2016-12-01T09:21:01","guid":{"rendered":"http:\/\/www.fuldaer-nachrichten.de\/?p=157758"},"modified":"2016-12-01T10:21:01","modified_gmt":"2016-12-01T09:21:01","slug":"ehrungen-und-verabschiedung-bei-der-oekumenischen-bahnhofsmission-fulda","status":"publish","type":"post","link":"https:\/\/www.fuldaernachrichten.de\/?p=157758","title":{"rendered":"Ehrungen und Verabschiedung bei der \u00d6kumenischen Bahnhofsmission Fulda"},"content":{"rendered":"<p>Ehrenamtliche stehen heute hoch im Kurs. Neue Ehrenamtliche zu gewinnen ist schwierig. Dessen sind sich der Caritasverband f\u00fcr die Regionen Fulda und Geisa und das Diakonische Werk Fulda als Tr\u00e4ger der \u00f6kumenischen Bahnhofsmission in Fulda bewusst. Es sei immer wieder ein Einschnitt, wenn eine ehrenamtliche Mitarbeiterin wie Helga M\u00e4der verabschiedet werden m\u00fcsse, so Leiterin Monika Niestroj, Helga M\u00e4der sei mit 18 Dienstjahren die dienst\u00e4lteste Mitarbeiterin. F\u00fcr sie sei Helfen selbstverst\u00e4ndlich gewesen, sagte Diakoniepfarrer Lars Peter Rilke. Sie habe nie Urlaub gemacht und sei nie krank gewesen. Bescheiden und umsichtig habe sie den G\u00e4sten geholfen. Aus den H\u00e4nden von Gesch\u00e4ftsf\u00fchrer Christian Reuter, Caritasverband f\u00fcr die Regionen Fulda und Geisa, erhielt sie die Urkunde der Konferenz f\u00fcr Kirchliche Bahnhofsmissionen in Deutschland. Aus Altersgr\u00fcnden scheidet Helga M\u00e4der aus dem Dienst aus und w\u00fcnscht sich das bald Ehrenamtliche gefunden w\u00fcrden, die ihren Platz einn\u00e4hmen. F\u00fcr 15 Jahre wurde Elisabeth M\u00fcller geehrt, die stetig, verl\u00e4sslich und ein wichtiger Anker sei, so, Christian Reuter. <\/p>\n<p>Urkunden erhielten au\u00dferdem f\u00fcr f\u00fcnf Jahre ehrenamtlicher Dienst Helma Gebhardt, Renate Lahann, Gisela M\u00fcglich sowie Michaela Steyer. Einf\u00fchlungsverm\u00f6gen, Freundlichkeit, Hilfsbereitschaft, keine Angst vor schwierigen Situationen und sich als Christin f\u00fcr andere einzusetzen, zeichne alle aus. Dieses seien gute Voraussetzungen den unverzichtbaren Dienst als Kirche vor Ort und Baustein im sozialen Netzwerk zu leisten, betonte Christian Reuter. Auch in den neuen R\u00e4umlichkeiten, die im Herbst bezogen worden seien, sei der gute Geist der Menschen mit Herz f\u00fcr die Reisenden und Hilfesuchenden sp\u00fcrbar. Neben den Tr\u00e4gern der \u00d6kumenischen Bahnhofsmission, Caritas und Diakonie, dankte Monika Niestroj Freddy Montag und G\u00fcnther Rustler als Vertreter der DB Station &#038; Service AG, f\u00fcr die Bereitstellung der neuen R\u00e4umlichkeiten und die Unterst\u00fctzung beim Umzug. Begonnen hatte die Adventsfeier mit Gedanken zum Thema \u201eWarten\u201c vorgetragen von Renate Lahann, Evi Lomb, Monika Niestroj, Rita Ray und Brigitte Sauer sowie der Geschichte \u201eWarten auf den lieben Gott\u201c von Willi Hoffs\u00fcmmer. <\/p>\n<p>Wer sich f\u00fcr die Arbeit der \u00f6kumenischen Bahnhofsmission interessiert oder ehrenamtlich mitarbeiten will, kann sich wenden an Leiterin Monika Niestroj, 0661\/ 73327 oder fulda@bahnhofsmission.de; www.bahnhofsmission.de.<\/p>\n","protected":false},"excerpt":{"rendered":"<div class=\"tmnf_excerpt\"><p>Ehrenamtliche stehen heute hoch im Kurs. Neue Ehrenamtliche zu gewinnen ist schwierig. Dessen sind sich der Caritasverband f\u00fcr die Regionen Fulda und Geisa und das Diakonische Werk Fulda als Tr\u00e4ger der \u00f6kumenischen Bahnhofsmission in Fulda bewusst. Es sei immer wieder ein Einschnitt, wenn eine ehrenamtliche Mitarbeiterin wie Helga M\u00e4der verabschiedet werden m\u00fcsse, so Leiterin Monika &hellip;<\/p>\n<\/div>","protected":false},"author":1,"featured_media":157764,"comment_status":"closed","ping_status":"closed","sticky":false,"template":"","format":"standard","meta":{"footnotes":""},"categories":[1],"tags":[],"class_list":["post-157758","post","type-post","status-publish","format-standard","has-post-thumbnail","hentry","category-startseite"],"_links":{"self":[{"href":"https:\/\/www.fuldaernachrichten.de\/index.php?rest_route=\/wp\/v2\/posts\/157758","targetHints":{"allow":["GET"]}}],"collection":[{"href":"https:\/\/www.fuldaernachrichten.de\/index.php?rest_route=\/wp\/v2\/posts"}],"about":[{"href":"https:\/\/www.fuldaernachrichten.de\/index.php?rest_route=\/wp\/v2\/types\/post"}],"author":[{"embeddable":true,"href":"https:\/\/www.fuldaernachrichten.de\/index.php?rest_route=\/wp\/v2\/users\/1"}],"replies":[{"embeddable":true,"href":"https:\/\/www.fuldaernachrichten.de\/index.php?rest_route=%2Fwp%2Fv2%2Fcomments&post=157758"}],"version-history":[{"count":1,"href":"https:\/\/www.fuldaernachrichten.de\/index.php?rest_route=\/wp\/v2\/posts\/157758\/revisions"}],"predecessor-version":[{"id":157765,"href":"https:\/\/www.fuldaernachrichten.de\/index.php?rest_route=\/wp\/v2\/posts\/157758\/revisions\/157765"}],"wp:featuredmedia":[{"embeddable":true,"href":"https:\/\/www.fuldaernachrichten.de\/index.php?rest_route=\/wp\/v2\/media\/157764"}],"wp:attachment":[{"href":"https:\/\/www.fuldaernachrichten.de\/index.php?rest_route=%2Fwp%2Fv2%2Fmedia&parent=157758"}],"wp:term":[{"taxonomy":"category","embeddable":true,"href":"https:\/\/www.fuldaernachrichten.de\/index.php?rest_route=%2Fwp%2Fv2%2Fcategories&post=157758"},{"taxonomy":"post_tag","embeddable":true,"href":"https:\/\/www.fuldaernachrichten.de\/index.php?rest_route=%2Fwp%2Fv2%2Ftags&post=157758"}],"curies":[{"name":"wp","href":"https:\/\/api.w.org\/{rel}","templated":true}]}}