{"id":157754,"date":"2016-12-01T10:19:20","date_gmt":"2016-12-01T09:19:20","guid":{"rendered":"http:\/\/www.fuldaer-nachrichten.de\/?p=157754"},"modified":"2016-12-01T10:19:20","modified_gmt":"2016-12-01T09:19:20","slug":"juergen-ackermann-wird-runden-tisch-ortsumgehung-moderieren","status":"publish","type":"post","link":"https:\/\/www.fuldaernachrichten.de\/?p=157754","title":{"rendered":"J\u00fcrgen Ackermann wird \u201eRunden Tisch Ortsumgehung\u201c moderieren"},"content":{"rendered":"<p>Auf Vorschlag von Vizelandrat Dr. Jens Mischak (CDU) wird der ehemalige Grebenauer B\u00fcrgermeister J\u00fcrgen Ackermann (SPD) die Moderation eines \u201eRunden Tisches Ortsumgehung Bundesstra\u00dfe 254\u201c \u00fcbernehmen.<\/p>\n<p>Dies teilt der Erste Kreisbeigeordnete am Mittwochnachmittag nach Gespr\u00e4chen mit Ackermann sowie mit den B\u00fcrgermeistern Dr. Olaf Dahlmann (Wartenberg, SPD) und Rainer Hans Vollm\u00f6ller (Lauterbach, CDU) mit, die den Moderations-Vorschlag unterst\u00fctzen.<\/p>\n<p>Ziel des Runden Tisches sei es, so Dr. Mischak, in den kommenden Monaten die Sachlage \u201ein aller Ruhe und in allen Aspekten\u201c zu kl\u00e4ren. Im ersten Schritt werde diese Analyse auf der Ebene der verantwortlichen Kommunalpolitiker erfolgen. Im zweiten Schritt sollen sowohl Verkehrs-Experten als auch Vertreter aller bestehenden B\u00fcrgerinitiativen hinzugezogen werden. Weitere Einzelheiten soll der Runde Tisch autonom kl\u00e4ren, erl\u00e4utert der Vizelandrat.<\/p>\n","protected":false},"excerpt":{"rendered":"<div class=\"tmnf_excerpt\"><p>Auf Vorschlag von Vizelandrat Dr. Jens Mischak (CDU) wird der ehemalige Grebenauer B\u00fcrgermeister J\u00fcrgen Ackermann (SPD) die Moderation eines \u201eRunden Tisches Ortsumgehung Bundesstra\u00dfe 254\u201c \u00fcbernehmen. Dies teilt der Erste Kreisbeigeordnete am Mittwochnachmittag nach Gespr\u00e4chen mit Ackermann sowie mit den B\u00fcrgermeistern Dr. Olaf Dahlmann (Wartenberg, SPD) und Rainer Hans Vollm\u00f6ller (Lauterbach, CDU) mit, die den Moderations-Vorschlag &hellip;<\/p>\n<\/div>","protected":false},"author":1,"featured_media":0,"comment_status":"closed","ping_status":"closed","sticky":false,"template":"","format":"standard","meta":{"footnotes":""},"categories":[1],"tags":[],"class_list":["post-157754","post","type-post","status-publish","format-standard","hentry","category-startseite"],"_links":{"self":[{"href":"https:\/\/www.fuldaernachrichten.de\/index.php?rest_route=\/wp\/v2\/posts\/157754","targetHints":{"allow":["GET"]}}],"collection":[{"href":"https:\/\/www.fuldaernachrichten.de\/index.php?rest_route=\/wp\/v2\/posts"}],"about":[{"href":"https:\/\/www.fuldaernachrichten.de\/index.php?rest_route=\/wp\/v2\/types\/post"}],"author":[{"embeddable":true,"href":"https:\/\/www.fuldaernachrichten.de\/index.php?rest_route=\/wp\/v2\/users\/1"}],"replies":[{"embeddable":true,"href":"https:\/\/www.fuldaernachrichten.de\/index.php?rest_route=%2Fwp%2Fv2%2Fcomments&post=157754"}],"version-history":[{"count":1,"href":"https:\/\/www.fuldaernachrichten.de\/index.php?rest_route=\/wp\/v2\/posts\/157754\/revisions"}],"predecessor-version":[{"id":157757,"href":"https:\/\/www.fuldaernachrichten.de\/index.php?rest_route=\/wp\/v2\/posts\/157754\/revisions\/157757"}],"wp:attachment":[{"href":"https:\/\/www.fuldaernachrichten.de\/index.php?rest_route=%2Fwp%2Fv2%2Fmedia&parent=157754"}],"wp:term":[{"taxonomy":"category","embeddable":true,"href":"https:\/\/www.fuldaernachrichten.de\/index.php?rest_route=%2Fwp%2Fv2%2Fcategories&post=157754"},{"taxonomy":"post_tag","embeddable":true,"href":"https:\/\/www.fuldaernachrichten.de\/index.php?rest_route=%2Fwp%2Fv2%2Ftags&post=157754"}],"curies":[{"name":"wp","href":"https:\/\/api.w.org\/{rel}","templated":true}]}}