{"id":157747,"date":"2016-12-01T10:19:38","date_gmt":"2016-12-01T09:19:38","guid":{"rendered":"http:\/\/www.fuldaer-nachrichten.de\/?p=157747"},"modified":"2016-12-01T10:19:38","modified_gmt":"2016-12-01T09:19:38","slug":"neues-kreisjahrbuch-erschienen","status":"publish","type":"post","link":"https:\/\/www.fuldaernachrichten.de\/?p=157747","title":{"rendered":"Neues Kreisjahrbuch erschienen"},"content":{"rendered":"<p>Angesichts der Globalisierung und der zahlreichen M\u00f6glichkeiten, die der wissenschaftlich-technische Fortschritt bietet, ist es heutzutage sehr leicht, die Welt zu bereisen, Kontakte zu kn\u00fcpfen und Netzwerke aufzubauen. Dass dies in unserer Region bereits gelungen ist, bevor das Internet zum Kommunikations- und Vernetzungsmedium Nummer eins wurde, zeigt das neue Jahrbuch des Landkreises Fulda.<\/p>\n<p>Mit dem Rahmenthema \u201eInternationale Beziehungen\u201c wird das Thema \u201eZuwanderung und Migration\u201c, das im vergangenen Jahr den inhaltlichen Schwerpunkt des Kreisjahrbuchs bildete, aufgegriffen und weitergef\u00fchrt. In seinem Vorwort schreibt Landrat Bernd Woide, dass viele Menschen, Vereine, Institutionen, Einrichtungen und Unternehmen aus dem Landkreis und der Stadt Fulda mitunter seit Jahrzehnten pers\u00f6nliche und berufliche Kontakte \u00fcber Landes- und Kontinentalgrenzen hinweg pflegten.<\/p>\n<p>\u201eIn den Jahrbuchbeitr\u00e4gen wird deutlich, dass das Fremde sehr faszinierend sein kann. Deutlich wird auch, wie interessant und sinnvoll es ist, Menschen unterschiedlicher Herkunft und Kulturen zu begegnen, Gemeinsamkeiten und Unterschiede zu entdecken, Sprachbarrieren und Vorurteile zu \u00fcberwinden, neue Wege zu gehen und Br\u00fccken zu bauen\u201c, so Woide.  Zudem enth\u00e4lt das Jahrbuch, das ab Mitte kommender Woche zum Preis von 7,90 Euro im Buchhandel erh\u00e4ltlich ist, wieder einen Gemeindeteil sowie eine bebilderte Chronik, mit den f\u00fcr den Landkreis wichtigsten Ereignissen des zu Ende gehenden Jahres.<\/p>\n","protected":false},"excerpt":{"rendered":"<div class=\"tmnf_excerpt\"><p>Angesichts der Globalisierung und der zahlreichen M\u00f6glichkeiten, die der wissenschaftlich-technische Fortschritt bietet, ist es heutzutage sehr leicht, die Welt zu bereisen, Kontakte zu kn\u00fcpfen und Netzwerke aufzubauen. Dass dies in unserer Region bereits gelungen ist, bevor das Internet zum Kommunikations- und Vernetzungsmedium Nummer eins wurde, zeigt das neue Jahrbuch des Landkreises Fulda. Mit dem Rahmenthema &hellip;<\/p>\n<\/div>","protected":false},"author":1,"featured_media":0,"comment_status":"closed","ping_status":"closed","sticky":false,"template":"","format":"standard","meta":{"footnotes":""},"categories":[1],"tags":[],"class_list":["post-157747","post","type-post","status-publish","format-standard","hentry","category-startseite"],"_links":{"self":[{"href":"https:\/\/www.fuldaernachrichten.de\/index.php?rest_route=\/wp\/v2\/posts\/157747","targetHints":{"allow":["GET"]}}],"collection":[{"href":"https:\/\/www.fuldaernachrichten.de\/index.php?rest_route=\/wp\/v2\/posts"}],"about":[{"href":"https:\/\/www.fuldaernachrichten.de\/index.php?rest_route=\/wp\/v2\/types\/post"}],"author":[{"embeddable":true,"href":"https:\/\/www.fuldaernachrichten.de\/index.php?rest_route=\/wp\/v2\/users\/1"}],"replies":[{"embeddable":true,"href":"https:\/\/www.fuldaernachrichten.de\/index.php?rest_route=%2Fwp%2Fv2%2Fcomments&post=157747"}],"version-history":[{"count":1,"href":"https:\/\/www.fuldaernachrichten.de\/index.php?rest_route=\/wp\/v2\/posts\/157747\/revisions"}],"predecessor-version":[{"id":157760,"href":"https:\/\/www.fuldaernachrichten.de\/index.php?rest_route=\/wp\/v2\/posts\/157747\/revisions\/157760"}],"wp:attachment":[{"href":"https:\/\/www.fuldaernachrichten.de\/index.php?rest_route=%2Fwp%2Fv2%2Fmedia&parent=157747"}],"wp:term":[{"taxonomy":"category","embeddable":true,"href":"https:\/\/www.fuldaernachrichten.de\/index.php?rest_route=%2Fwp%2Fv2%2Fcategories&post=157747"},{"taxonomy":"post_tag","embeddable":true,"href":"https:\/\/www.fuldaernachrichten.de\/index.php?rest_route=%2Fwp%2Fv2%2Ftags&post=157747"}],"curies":[{"name":"wp","href":"https:\/\/api.w.org\/{rel}","templated":true}]}}