{"id":157746,"date":"2016-12-01T10:18:35","date_gmt":"2016-12-01T09:18:35","guid":{"rendered":"http:\/\/www.fuldaer-nachrichten.de\/?p=157746"},"modified":"2016-12-01T10:23:22","modified_gmt":"2016-12-01T09:23:22","slug":"fabian-scheibelhut-vertrat-fulda-am-bundeskongress-der-jusos","status":"publish","type":"post","link":"https:\/\/www.fuldaernachrichten.de\/?p=157746","title":{"rendered":"Fabian Scheibelhut vertrat Fulda am Bundeskongress der JUSOs"},"content":{"rendered":"<p>Am letzten Wochenende vom 25.11.-27.11.2016 hielten die Jusos ihren Bundeskongress in Dresden ab und in diesem Zusammenhang wurde zu vielen Themen Beschluss gefasst, die richtungsweisend f\u00fcr die Zukunft der SPD sind. Der Vorsitzende der Jusos Fulda, Fabian Scheibelhut (23), hatte den Landkreis Fulda am vergangenen Wochenende mit seiner Delegation aus Hessen Nord vertreten. <\/p>\n<p>Die Jusos haben am vergangenen Wochenende in Dresden ihren Bundeskongress abgehalten, welcher in etwa vergleichbar mit einem Bundesparteitag der SPD &#8211; hier nur auf Ebene der SPD-Jugendorganisation &#8211; ist. F\u00fcr Fulda war Fabian Scheibelhut \u00fcber seine Delegation Hessen Nord mitgereist, um das Geschehen auf Bundesebene mitzupr\u00e4gen.<br \/>\n\u201eF\u00fcr mich ist es eine Ehre, meine Heimat auf Bundesebene vertreten zu d\u00fcrfen. Da ich das erste Mal dabei war, war ich also absoluter Neuling am Bundeskongress. Es ist erstaunlich, wie viele verschiedene Str\u00f6mungen innerhalb der Jusos vertreten sind und welche Haltungen die einzelnen Bezirke und Landesverb\u00e4nde haben.\u201c, so Scheibelhut, \u201eIch habe mich sehr gut mit unserer Delegation verstanden und habe mich aufgrund unserer Str\u00f6mungsneutralit\u00e4t in keinster Weise unter Druck gesetzt gef\u00fchlt.\u201c<br \/>\nFabians Steckenpferd waren Themen, Debatten und Antr\u00e4ge allgemein zur deutschen  Wirtschaft. Da er selber gelernter Bankkaufmann ist und internationale Betriebswirtschaftslehre in Fulda studiert, kann er hier gut mitreden. F\u00fcr ihn ist es wichtig, die Wirtschaft zu f\u00f6rdern, dabei aber nicht den sozialen Gedanken aus dem Auge zu verlieren. \u201eLeider ist das h\u00e4ufig der Fall. Es wird nicht selten einfach nur das in der Politik gemacht, was einzelnen Wirtschaftskreisen zu Gute kommt. Wir Jusos sollten und wollen dem entschieden entgegenwirken, ohne den Fokus zur Nachhaltigkeit zu verlieren \u201c, findet Fabian. Aus diesem Grund hat er auch Abstimmungsempfehlungen an seine Delegation bei der Vorbesprechung vergeben. <\/p>\n<p>Die Jusos haben am Bundeskongress viel entschieden. Unteranderem wollen sie sich dazu einsetzen, dass Azubis in unserer Gesellschaft eine \u00dcbernahmegarantie und ein Recht auf einen Ausbildungsplatz haben. Des Weiteren sollen Auszubildende ein Anrecht auf eine  Mindestausbildungsverg\u00fctung bekommen. Sie wollen Armut und Ungerechtigkeit in Deutschland strikt bek\u00e4mpfen und mehr bezahlbaren Wohnraum, vor allem im st\u00e4dtischen Raum, schaffen. Hierf\u00fcr soll es eine \u201eZukunftsoffensive\u201c geben, welche im Leitantrag beschlossen wurde.<br \/>\n\u201eEr hat die ganze Sache sehr gewissenhaft bearbeitet und viel Transparenz zu unserem Unterbezirk gezeigt. Via Facebook &#038; Whatsapp wurden wir am Laufenden gehalten und haben abends per E-Mail eine Zusammenfassung vom Tag bekommen.\u201c, sagt Simon Sch\u00fcler, stellv. Vorsitzender der Jusos Fulda und ehem. Vorsitzender. <\/p>\n<p>Im Fokus steht den Jusos ab dem kommenden Jahr der Bundestagswahlkampf. Zeitnah werden sie sich zusammensetzen und einzelne Themen versuchen in der \u00d6ffentlichkeit anzugehen. <\/p>\n","protected":false},"excerpt":{"rendered":"<div class=\"tmnf_excerpt\"><p>Am letzten Wochenende vom 25.11.-27.11.2016 hielten die Jusos ihren Bundeskongress in Dresden ab und in diesem Zusammenhang wurde zu vielen Themen Beschluss gefasst, die richtungsweisend f\u00fcr die Zukunft der SPD sind. Der Vorsitzende der Jusos Fulda, Fabian Scheibelhut (23), hatte den Landkreis Fulda am vergangenen Wochenende mit seiner Delegation aus Hessen Nord vertreten. Die Jusos &hellip;<\/p>\n<\/div>","protected":false},"author":1,"featured_media":157752,"comment_status":"closed","ping_status":"closed","sticky":false,"template":"","format":"standard","meta":{"footnotes":""},"categories":[1],"tags":[],"class_list":["post-157746","post","type-post","status-publish","format-standard","has-post-thumbnail","hentry","category-startseite"],"_links":{"self":[{"href":"https:\/\/www.fuldaernachrichten.de\/index.php?rest_route=\/wp\/v2\/posts\/157746","targetHints":{"allow":["GET"]}}],"collection":[{"href":"https:\/\/www.fuldaernachrichten.de\/index.php?rest_route=\/wp\/v2\/posts"}],"about":[{"href":"https:\/\/www.fuldaernachrichten.de\/index.php?rest_route=\/wp\/v2\/types\/post"}],"author":[{"embeddable":true,"href":"https:\/\/www.fuldaernachrichten.de\/index.php?rest_route=\/wp\/v2\/users\/1"}],"replies":[{"embeddable":true,"href":"https:\/\/www.fuldaernachrichten.de\/index.php?rest_route=%2Fwp%2Fv2%2Fcomments&post=157746"}],"version-history":[{"count":1,"href":"https:\/\/www.fuldaernachrichten.de\/index.php?rest_route=\/wp\/v2\/posts\/157746\/revisions"}],"predecessor-version":[{"id":157753,"href":"https:\/\/www.fuldaernachrichten.de\/index.php?rest_route=\/wp\/v2\/posts\/157746\/revisions\/157753"}],"wp:featuredmedia":[{"embeddable":true,"href":"https:\/\/www.fuldaernachrichten.de\/index.php?rest_route=\/wp\/v2\/media\/157752"}],"wp:attachment":[{"href":"https:\/\/www.fuldaernachrichten.de\/index.php?rest_route=%2Fwp%2Fv2%2Fmedia&parent=157746"}],"wp:term":[{"taxonomy":"category","embeddable":true,"href":"https:\/\/www.fuldaernachrichten.de\/index.php?rest_route=%2Fwp%2Fv2%2Fcategories&post=157746"},{"taxonomy":"post_tag","embeddable":true,"href":"https:\/\/www.fuldaernachrichten.de\/index.php?rest_route=%2Fwp%2Fv2%2Ftags&post=157746"}],"curies":[{"name":"wp","href":"https:\/\/api.w.org\/{rel}","templated":true}]}}