{"id":157742,"date":"2016-12-01T10:17:17","date_gmt":"2016-12-01T09:17:17","guid":{"rendered":"http:\/\/www.fuldaer-nachrichten.de\/?p=157742"},"modified":"2016-12-01T10:17:17","modified_gmt":"2016-12-01T09:17:17","slug":"gelbe-tonnen-nach-der-naechsten-leerung-stehen-lassen","status":"publish","type":"post","link":"https:\/\/www.fuldaernachrichten.de\/?p=157742","title":{"rendered":"Gelbe Tonnen nach der n\u00e4chsten Leerung stehen lassen"},"content":{"rendered":"<p>Der Austausch der Gelben Tonnen im Stadtgebiet beginnt bereits am kommenden Freitag, den 02.12, und damit fr\u00fcher als geplant. Im Zuge der letzten Leerung f\u00fcr das laufende Jahr 2016 werden die alten Tonnen abgeholt und anschlie\u00dfend neue Tonnen ausgeliefert. Die Bev\u00f6lkerung wird gebeten, die Tonnen nach der planm\u00e4\u00dfigen Leerung am Gehweg stehen zu lassen. Noch am Leerungstag sollen die alten Tonnen abgeholt und die neuen Tonnen ausgeliefert werden. <\/p>\n<p>Eine Besonderheit gilt f\u00fcr Vierradgef\u00e4\u00dfe (1. 100-Liter-Gef\u00e4\u00dfe) wie sie in Gro\u00dfwohnanlagen oder im gewerblichen Bereich eingesetzt werden. Diese werden bei der Abholung registriert und sp\u00e4testens zwei Tage nach der Abholung durch neue Gef\u00e4\u00dfe ersetzt.<\/p>\n<p>Die Leerung und anschlie\u00dfende Verteilung der neuen Tonnen erfolgt an den bereits bekannten Abfuhrtagen: Am Freitag, 02.12. werden die Gelben Tonnen im gr\u00f6\u00dften Teil der Innenstadt sowie am Tr\u00e4tzhof geleert und abgeholt. In der kommenden Woche schlie\u00dfen sich am Montag, 05.12., der Stadtteil Niesig, der Frauenberg sowie Teile von Horas an, am Dienstag, 06.12., folgen der Stadtteil Mittelrode und die verbleibenden Teile der Innenstadt, am Donnerstag, 08.12., das Nordend und am Freitag, 09.12., der Aschenberg. Alle Abfuhrtermine sind im Abfallkalender nachzulesen. <\/p>\n<p>Bei Fragen zu den neuen Gelben Tonnen gibt die Firma Knettenbrech + Gurdulic Service GmbH &#038; Co. KG, Tel. (06659) 9788-0, Auskunft.<\/p>\n<p>Fragen zu den alten Gelben Tonnen beantwortet die Firma Suez Mitte GmbH &#038; Co. KG, Tel. (0661) 8686-0.<\/p>\n","protected":false},"excerpt":{"rendered":"<div class=\"tmnf_excerpt\"><p>Der Austausch der Gelben Tonnen im Stadtgebiet beginnt bereits am kommenden Freitag, den 02.12, und damit fr\u00fcher als geplant. Im Zuge der letzten Leerung f\u00fcr das laufende Jahr 2016 werden die alten Tonnen abgeholt und anschlie\u00dfend neue Tonnen ausgeliefert. Die Bev\u00f6lkerung wird gebeten, die Tonnen nach der planm\u00e4\u00dfigen Leerung am Gehweg stehen zu lassen. Noch &hellip;<\/p>\n<\/div>","protected":false},"author":1,"featured_media":0,"comment_status":"closed","ping_status":"closed","sticky":false,"template":"","format":"standard","meta":{"footnotes":""},"categories":[1],"tags":[],"class_list":["post-157742","post","type-post","status-publish","format-standard","hentry","category-startseite"],"_links":{"self":[{"href":"https:\/\/www.fuldaernachrichten.de\/index.php?rest_route=\/wp\/v2\/posts\/157742","targetHints":{"allow":["GET"]}}],"collection":[{"href":"https:\/\/www.fuldaernachrichten.de\/index.php?rest_route=\/wp\/v2\/posts"}],"about":[{"href":"https:\/\/www.fuldaernachrichten.de\/index.php?rest_route=\/wp\/v2\/types\/post"}],"author":[{"embeddable":true,"href":"https:\/\/www.fuldaernachrichten.de\/index.php?rest_route=\/wp\/v2\/users\/1"}],"replies":[{"embeddable":true,"href":"https:\/\/www.fuldaernachrichten.de\/index.php?rest_route=%2Fwp%2Fv2%2Fcomments&post=157742"}],"version-history":[{"count":1,"href":"https:\/\/www.fuldaernachrichten.de\/index.php?rest_route=\/wp\/v2\/posts\/157742\/revisions"}],"predecessor-version":[{"id":157745,"href":"https:\/\/www.fuldaernachrichten.de\/index.php?rest_route=\/wp\/v2\/posts\/157742\/revisions\/157745"}],"wp:attachment":[{"href":"https:\/\/www.fuldaernachrichten.de\/index.php?rest_route=%2Fwp%2Fv2%2Fmedia&parent=157742"}],"wp:term":[{"taxonomy":"category","embeddable":true,"href":"https:\/\/www.fuldaernachrichten.de\/index.php?rest_route=%2Fwp%2Fv2%2Fcategories&post=157742"},{"taxonomy":"post_tag","embeddable":true,"href":"https:\/\/www.fuldaernachrichten.de\/index.php?rest_route=%2Fwp%2Fv2%2Ftags&post=157742"}],"curies":[{"name":"wp","href":"https:\/\/api.w.org\/{rel}","templated":true}]}}