{"id":157702,"date":"2016-11-29T21:46:32","date_gmt":"2016-11-29T20:46:32","guid":{"rendered":"http:\/\/www.fuldaer-nachrichten.de\/?p=157702"},"modified":"2016-11-29T21:46:32","modified_gmt":"2016-11-29T20:46:32","slug":"altersvorsorge-fuer-alleinerziehende-vortrag-der-verbraucherzentrale-hessen-in-fulda","status":"publish","type":"post","link":"https:\/\/www.fuldaernachrichten.de\/?p=157702","title":{"rendered":"Altersvorsorge f\u00fcr Alleinerziehende &#8211; Vortrag der Verbraucherzentrale Hessen in Fulda"},"content":{"rendered":"<p>Alleinerziehende sind h\u00e4ufiger von Altersarmut betroffen, da sie meist viele Jahre in Teilzeit oder Minijobs arbeiten und deshalb weniger in die gesetzliche Rentenversicherung einzahlen. Meist kann auch nur wenig in die private Altersvorsorge investiert werden. Fehlentscheidungen bei der privaten Altersvorsorge verst\u00e4rken das Armutsrisiko. In ihrem Vortrag \u201eAltersvorsorge f\u00fcr Alleinerziehende\u201c erl\u00e4utert die Verbraucherzentrale Hessen, wie der Einstieg in die private Altersvorsorge sinnvoll erfolgen kann. Der Vortrag findet am 7. Dezember 2016 von 9.30 bis 11.30 Uhr in der Verbraucherzentrale Hessen, Beratungsstelle Fulda, Karlstra\u00dfe 2 in 36037 Fulda statt. Eine Anmeldung ist nicht erforderlich. Die Teilnahme ist kostenlos.<\/p>\n<p>Altersvorsorge ist kein Buch mit sieben Siegeln, sondern l\u00e4sst sich in vier Grundbausteine aufspalten: Liquidit\u00e4t, Schuldentilgung, Risikovorsorge und Verm\u00f6gensaufbau. Auch wenn es keine pauschale Patentl\u00f6sung f\u00fcr die private Altersvorsorge gibt, r\u00e4t Katharina Lawrence von der Verbraucherzentrale Hessen: \u201eGerade Alleinerziehende, die eine unstete Erwerbsbiographie haben, sollten privat f\u00fcr ihr Alter vorsorgen und dabei vor allem auf flexible Geldanlageformen achten.\u201c<\/p>\n<p>Altersvorsorge geht auch mit kleinem Einkommen. Wer die Vorteile und Fallstricke der gef\u00f6rderten Altersvorsorge wie zum Beispiel der Riester- und R\u00fcrup-Rente kennt, kann durchaus Geld zur\u00fccklegen.  <\/p>\n<p>Im Vortrag wird auch erkl\u00e4rt, welche Versicherungen f\u00fcr Alleinerziehende existenziell sind. Denn es gilt der Grundsatz: aktuelle Daseinsvorsorge geht vor Altersvorsorge.<br \/>\nDie Veranstaltung wird vom Bundesministerium der Justiz und f\u00fcr Verbraucherschutz (Projekt \u201eWirtschaftlicher Verbraucherschutz\u201c) aufgrund eines Beschlusses des Deutschen Bundestags gef\u00f6rdert. <\/p>\n","protected":false},"excerpt":{"rendered":"<div class=\"tmnf_excerpt\"><p>Alleinerziehende sind h\u00e4ufiger von Altersarmut betroffen, da sie meist viele Jahre in Teilzeit oder Minijobs arbeiten und deshalb weniger in die gesetzliche Rentenversicherung einzahlen. Meist kann auch nur wenig in die private Altersvorsorge investiert werden. Fehlentscheidungen bei der privaten Altersvorsorge verst\u00e4rken das Armutsrisiko. In ihrem Vortrag \u201eAltersvorsorge f\u00fcr Alleinerziehende\u201c erl\u00e4utert die Verbraucherzentrale Hessen, wie der &hellip;<\/p>\n<\/div>","protected":false},"author":1,"featured_media":0,"comment_status":"closed","ping_status":"closed","sticky":false,"template":"","format":"standard","meta":{"footnotes":""},"categories":[1],"tags":[],"class_list":["post-157702","post","type-post","status-publish","format-standard","hentry","category-startseite"],"_links":{"self":[{"href":"https:\/\/www.fuldaernachrichten.de\/index.php?rest_route=\/wp\/v2\/posts\/157702","targetHints":{"allow":["GET"]}}],"collection":[{"href":"https:\/\/www.fuldaernachrichten.de\/index.php?rest_route=\/wp\/v2\/posts"}],"about":[{"href":"https:\/\/www.fuldaernachrichten.de\/index.php?rest_route=\/wp\/v2\/types\/post"}],"author":[{"embeddable":true,"href":"https:\/\/www.fuldaernachrichten.de\/index.php?rest_route=\/wp\/v2\/users\/1"}],"replies":[{"embeddable":true,"href":"https:\/\/www.fuldaernachrichten.de\/index.php?rest_route=%2Fwp%2Fv2%2Fcomments&post=157702"}],"version-history":[{"count":1,"href":"https:\/\/www.fuldaernachrichten.de\/index.php?rest_route=\/wp\/v2\/posts\/157702\/revisions"}],"predecessor-version":[{"id":157711,"href":"https:\/\/www.fuldaernachrichten.de\/index.php?rest_route=\/wp\/v2\/posts\/157702\/revisions\/157711"}],"wp:attachment":[{"href":"https:\/\/www.fuldaernachrichten.de\/index.php?rest_route=%2Fwp%2Fv2%2Fmedia&parent=157702"}],"wp:term":[{"taxonomy":"category","embeddable":true,"href":"https:\/\/www.fuldaernachrichten.de\/index.php?rest_route=%2Fwp%2Fv2%2Fcategories&post=157702"},{"taxonomy":"post_tag","embeddable":true,"href":"https:\/\/www.fuldaernachrichten.de\/index.php?rest_route=%2Fwp%2Fv2%2Ftags&post=157702"}],"curies":[{"name":"wp","href":"https:\/\/api.w.org\/{rel}","templated":true}]}}