{"id":157698,"date":"2016-11-29T21:45:34","date_gmt":"2016-11-29T20:45:34","guid":{"rendered":"http:\/\/www.fuldaer-nachrichten.de\/?p=157698"},"modified":"2016-11-29T21:45:34","modified_gmt":"2016-11-29T20:45:34","slug":"hubtex-sponsert-seit-fuenf-jahren-die-malteser-schulsanitaetsausbildung","status":"publish","type":"post","link":"https:\/\/www.fuldaernachrichten.de\/?p=157698","title":{"rendered":"Hubtex sponsert seit f\u00fcnf Jahren die Malteser-Schulsanit\u00e4tsausbildung"},"content":{"rendered":"<p>Seit f\u00fcnf Jahren unterst\u00fctzt die Fuldaer Spezial-Maschinenbaufirma Hubtex die Schulsanit\u00e4tsdienste der Malteser und hat damit gute Erfahrungen gemacht. \u201eWir finden auf diesem Weg junge Leute f\u00fcr unser Unternehmen, die Werte mitbringen, die fr\u00fchzeitig Verantwortung \u00fcbernehmen, die sich einbringen und f\u00fcr andere da sind\u201c, erkl\u00e4rt  der Gesch\u00e4ftsf\u00fchrer f\u00fcr Finanzen und Personal, Marco Goldbach, das Engagement des Betriebes. Die Referentin der Malteser f\u00fcr den Schulsanit\u00e4tsdienst, Brigitta Br\u00e4hler-Fischer, dankte dem Unternehmen f\u00fcr seine kontinuierliche Unterst\u00fctzung, die der Ausbildung der Schulsanit\u00e4ter vor allem in der Region Gro\u00dfenl\u00fcder zugute kommt.<\/p>\n<p>Goldbach und die Hubtex-Ausbildungsleiterin Birgit Zink sch\u00e4tzen bei Ausbildungsplatz-Suchenden die soziale Kompetenz, die junge Leute mitbringen, wenn sie sich in der Schule im Sanit\u00e4tsdienst engagiert haben. \u201eDie haben bei der Bewerbung bei uns schon >einen Stein im Brett<\u201c, betont Goldbach. Daher ist Hubtex gerne bereit, die Kooperation mit den Maltesern zur Unterst\u00fctzung der Schulsanit\u00e4tsdienste fortzusetzen.\n\nDie Ausbildung der Schulsanit\u00e4ter wird von den Maltesern gewissenhaft betrieben. 46 Unterrichtseinheiten m\u00fcssen die Sch\u00fcler in die Ausbildung investieren. Ein Gro\u00dfteil der Schulung findet an Samstagen au\u00dferhalb der regul\u00e4ren Schulstunden statt. \u201eSchulsanit\u00e4ter, die sich dar\u00fcber hinaus noch fortbilden wollen, treffen sich schul\u00fcbergreifend alle 14 Tage zu Weiterbildungen in der Malteser-Di\u00f6zesangesch\u00e4ftsstelle in Fulda\u201c, erl\u00e4utert Brigitta Br\u00e4hler-Fischer. Au\u00dferdem k\u00f6nnen sie sich zu Einsatzsanit\u00e4tern ausbilden lassen oder ein Freiwilliges Soziales Jahr bei den Maltesern ableisten. Das ist neben dem sozialen Engagement f\u00fcr medizinisch Interessierte auch eine M\u00f6glichkeit, sich auf ein entsprechendes Studium vorzubereiten. Weitere Informationen zum Schulsanit\u00e4tsdienst findet man im Internet unter: www.malteser-fulda.de.\n\nFoto: Schulsanit\u00e4tsreferentin Brigitta Br\u00e4hler-Fischer dankt Marco Goldbach und Birgit Zink von der Firma Hubtex f\u00fcr die langj\u00e4hrige Unterst\u00fctzung der Ausbildung der Schulsanit\u00e4ter. \n<\/p>\n","protected":false},"excerpt":{"rendered":"<div class=\"tmnf_excerpt\"><p>Seit f\u00fcnf Jahren unterst\u00fctzt die Fuldaer Spezial-Maschinenbaufirma Hubtex die Schulsanit\u00e4tsdienste der Malteser und hat damit gute Erfahrungen gemacht. \u201eWir finden auf diesem Weg junge Leute f\u00fcr unser Unternehmen, die Werte mitbringen, die fr\u00fchzeitig Verantwortung \u00fcbernehmen, die sich einbringen und f\u00fcr andere da sind\u201c, erkl\u00e4rt der Gesch\u00e4ftsf\u00fchrer f\u00fcr Finanzen und Personal, Marco Goldbach, das Engagement des &hellip;<\/p>\n<\/div>","protected":false},"author":1,"featured_media":157707,"comment_status":"closed","ping_status":"closed","sticky":false,"template":"","format":"standard","meta":{"footnotes":""},"categories":[1],"tags":[],"class_list":["post-157698","post","type-post","status-publish","format-standard","has-post-thumbnail","hentry","category-startseite"],"_links":{"self":[{"href":"https:\/\/www.fuldaernachrichten.de\/index.php?rest_route=\/wp\/v2\/posts\/157698","targetHints":{"allow":["GET"]}}],"collection":[{"href":"https:\/\/www.fuldaernachrichten.de\/index.php?rest_route=\/wp\/v2\/posts"}],"about":[{"href":"https:\/\/www.fuldaernachrichten.de\/index.php?rest_route=\/wp\/v2\/types\/post"}],"author":[{"embeddable":true,"href":"https:\/\/www.fuldaernachrichten.de\/index.php?rest_route=\/wp\/v2\/users\/1"}],"replies":[{"embeddable":true,"href":"https:\/\/www.fuldaernachrichten.de\/index.php?rest_route=%2Fwp%2Fv2%2Fcomments&post=157698"}],"version-history":[{"count":1,"href":"https:\/\/www.fuldaernachrichten.de\/index.php?rest_route=\/wp\/v2\/posts\/157698\/revisions"}],"predecessor-version":[{"id":157708,"href":"https:\/\/www.fuldaernachrichten.de\/index.php?rest_route=\/wp\/v2\/posts\/157698\/revisions\/157708"}],"wp:featuredmedia":[{"embeddable":true,"href":"https:\/\/www.fuldaernachrichten.de\/index.php?rest_route=\/wp\/v2\/media\/157707"}],"wp:attachment":[{"href":"https:\/\/www.fuldaernachrichten.de\/index.php?rest_route=%2Fwp%2Fv2%2Fmedia&parent=157698"}],"wp:term":[{"taxonomy":"category","embeddable":true,"href":"https:\/\/www.fuldaernachrichten.de\/index.php?rest_route=%2Fwp%2Fv2%2Fcategories&post=157698"},{"taxonomy":"post_tag","embeddable":true,"href":"https:\/\/www.fuldaernachrichten.de\/index.php?rest_route=%2Fwp%2Fv2%2Ftags&post=157698"}],"curies":[{"name":"wp","href":"https:\/\/api.w.org\/{rel}","templated":true}]}}