{"id":157684,"date":"2016-11-29T21:42:52","date_gmt":"2016-11-29T20:42:52","guid":{"rendered":"http:\/\/www.fuldaer-nachrichten.de\/?p=157684"},"modified":"2016-11-29T21:42:52","modified_gmt":"2016-11-29T20:42:52","slug":"artenhilfsprojekt-rotmilan-vorgestellt","status":"publish","type":"post","link":"https:\/\/www.fuldaernachrichten.de\/?p=157684","title":{"rendered":"Artenhilfsprojekt Rotmilan vorgestellt"},"content":{"rendered":"<p>Von 2014 bis 2020 wurde der Arbeitsgemeinschaft der Rh\u00f6ner Landkreise zum Schutz der bedrohten Rotmilane ein Bundesf\u00f6rderprojekt bewilligt. Nun wurde ein wichtiger Meilenstein fertig gestellt. In Zusammenarbeit der verschiedenen Arbeitsgruppen im Rotmilanprojekt, den Vogelschutzwarten von Bayern, Hessen und Th\u00fcringen sowie dem B\u00fcro Planwerk von Nidda entstand das \u201eSchutz- und Entwicklungskonzept Rotmilan in der Rh\u00f6n\u201c, welches nun von der Projektkoordination den Landr\u00e4ten \u00fcberreicht wurde.<\/p>\n<p>Auf 208 Seiten spannt das Konzept den Bogen von der allgemeinen Biologie und Lebensweise des Rotmilans bis hin zu konkreten Ma\u00dfnahmen, um die Horstsituationen und die Nahrungssituation im Lebensraum zu verbessern. <\/p>\n<p>Landrat Bold w\u00fcrdigt als Vorsitzender der Arbeitsgemeinschaft der Landkreise Bad Kissingen, Bad Neustadt, Fulda, Meiningen und Wartburgkreis das Konzept als wertvolle Arbeitsgrundlage, um die guten Rotmilanbest\u00e4nde in der Rh\u00f6n dauerhaft zu sichern. Mit etwa 200 Brutpaaren beherbergt die Rh\u00f6n rund 1 % des Rotmilan-Weltbestandes im Sommerhalbjahr. Damit hat die Rh\u00f6n eine herausragende Bedeutung f\u00fcr den Schutz des bedrohten Greifvogels. Parallel zum Konzept wurden 150 Horststeckbriefe, pro Bundesland jeweils 50, erarbeitet. Diese enthalten neben der genauen Standortbeschreibung sehr konkrete Handlungsempfehlungen f\u00fcr die n\u00e4chsten Jahre. <\/p>\n<p>Stolz sind die Verantwortlichen darauf, dass das Konzept als wegweisend vom Dachverband der Deutschen Avifaunisten (Vogelkundler) gew\u00fcrdigt wurde. Sicherlich einmalig ist auch die breite Unterst\u00fctzung des Projektes durch zahlreiche ehrenamtliche Helfer. Rund 170 ehrenamtliche Kartierer haben l\u00e4nder\u00fcbergreifend im Fr\u00fchjahr 2016 geholfen, die Rotmilane m\u00f6glichst l\u00fcckenlos zu erfassen. F\u00fcr dieses herausragende Engagement dankt Landrat Bold, stellvertretend f\u00fcr die Landr\u00e4te der Arbeitsgemeinschaft Rh\u00f6n, den ehrenamtlichen Unterst\u00fctzern.<\/p>\n<p>Einsehbar ist das Konzept auf der Homepage des Biosph\u00e4renreservats und http:\/\/biosphaerenreservat-rhoen.de\/_upl\/br\/_pdf\/schutzkonzept_rotmilan_rhoen_korrektur_2016_09_09.pdf <\/p>\n<p>Gef\u00f6rdert wird das Rotmilanprojekt Rh\u00f6n durch das Bundesamt f\u00fcr Naturschutz mit Mitteln des Bundesministeriums f\u00fcr Umwelt, Naturschutz, Bau und Reaktorsicherheit im Bundesprogramm Biologische Vielfalt. <\/p>\n","protected":false},"excerpt":{"rendered":"<div class=\"tmnf_excerpt\"><p>Von 2014 bis 2020 wurde der Arbeitsgemeinschaft der Rh\u00f6ner Landkreise zum Schutz der bedrohten Rotmilane ein Bundesf\u00f6rderprojekt bewilligt. Nun wurde ein wichtiger Meilenstein fertig gestellt. In Zusammenarbeit der verschiedenen Arbeitsgruppen im Rotmilanprojekt, den Vogelschutzwarten von Bayern, Hessen und Th\u00fcringen sowie dem B\u00fcro Planwerk von Nidda entstand das \u201eSchutz- und Entwicklungskonzept Rotmilan in der Rh\u00f6n\u201c, welches &hellip;<\/p>\n<\/div>","protected":false},"author":1,"featured_media":157690,"comment_status":"closed","ping_status":"closed","sticky":false,"template":"","format":"standard","meta":{"footnotes":""},"categories":[1],"tags":[],"class_list":["post-157684","post","type-post","status-publish","format-standard","has-post-thumbnail","hentry","category-startseite"],"_links":{"self":[{"href":"https:\/\/www.fuldaernachrichten.de\/index.php?rest_route=\/wp\/v2\/posts\/157684","targetHints":{"allow":["GET"]}}],"collection":[{"href":"https:\/\/www.fuldaernachrichten.de\/index.php?rest_route=\/wp\/v2\/posts"}],"about":[{"href":"https:\/\/www.fuldaernachrichten.de\/index.php?rest_route=\/wp\/v2\/types\/post"}],"author":[{"embeddable":true,"href":"https:\/\/www.fuldaernachrichten.de\/index.php?rest_route=\/wp\/v2\/users\/1"}],"replies":[{"embeddable":true,"href":"https:\/\/www.fuldaernachrichten.de\/index.php?rest_route=%2Fwp%2Fv2%2Fcomments&post=157684"}],"version-history":[{"count":1,"href":"https:\/\/www.fuldaernachrichten.de\/index.php?rest_route=\/wp\/v2\/posts\/157684\/revisions"}],"predecessor-version":[{"id":157691,"href":"https:\/\/www.fuldaernachrichten.de\/index.php?rest_route=\/wp\/v2\/posts\/157684\/revisions\/157691"}],"wp:featuredmedia":[{"embeddable":true,"href":"https:\/\/www.fuldaernachrichten.de\/index.php?rest_route=\/wp\/v2\/media\/157690"}],"wp:attachment":[{"href":"https:\/\/www.fuldaernachrichten.de\/index.php?rest_route=%2Fwp%2Fv2%2Fmedia&parent=157684"}],"wp:term":[{"taxonomy":"category","embeddable":true,"href":"https:\/\/www.fuldaernachrichten.de\/index.php?rest_route=%2Fwp%2Fv2%2Fcategories&post=157684"},{"taxonomy":"post_tag","embeddable":true,"href":"https:\/\/www.fuldaernachrichten.de\/index.php?rest_route=%2Fwp%2Fv2%2Ftags&post=157684"}],"curies":[{"name":"wp","href":"https:\/\/api.w.org\/{rel}","templated":true}]}}