{"id":157669,"date":"2016-11-29T21:41:43","date_gmt":"2016-11-29T20:41:43","guid":{"rendered":"http:\/\/www.fuldaer-nachrichten.de\/?p=157669"},"modified":"2016-11-29T21:41:43","modified_gmt":"2016-11-29T20:41:43","slug":"rhetorik-und-schlagfertigkeit-3","status":"publish","type":"post","link":"https:\/\/www.fuldaernachrichten.de\/?p=157669","title":{"rendered":"Rhetorik und Schlagfertigkeit"},"content":{"rendered":"<p>Dieser Workshop f\u00fcr Teilnehmer ohne Vorkenntnisse vermittelt profundes Grundlagenwissen und praktische \u00dcbungen und orientiert sich an pers\u00f6nlichen Bed\u00fcrfnissen. Beginn des Wochenendseminares ist am 10.12.16 um 9 Uhr in Fulda, Georg-Stieler-Haus, Gallasiniring 1. Infos und Anmeldung bitte mit Kursnummer VN1070123 bei der VHS des Landkreises Fulda www.vhs-fulda.de oder telefonisch beim B\u00fcrgerservice (06 61) 6006 1600. <\/p>\n","protected":false},"excerpt":{"rendered":"<div class=\"tmnf_excerpt\"><p>Dieser Workshop f\u00fcr Teilnehmer ohne Vorkenntnisse vermittelt profundes Grundlagenwissen und praktische \u00dcbungen und orientiert sich an pers\u00f6nlichen Bed\u00fcrfnissen. Beginn des Wochenendseminares ist am 10.12.16 um 9 Uhr in Fulda, Georg-Stieler-Haus, Gallasiniring 1. Infos und Anmeldung bitte mit Kursnummer VN1070123 bei der VHS des Landkreises Fulda www.vhs-fulda.de oder telefonisch beim B\u00fcrgerservice (06 61) 6006 1600.<\/p>\n<\/div>","protected":false},"author":1,"featured_media":0,"comment_status":"closed","ping_status":"closed","sticky":false,"template":"","format":"standard","meta":{"footnotes":""},"categories":[1],"tags":[],"class_list":["post-157669","post","type-post","status-publish","format-standard","hentry","category-startseite"],"_links":{"self":[{"href":"https:\/\/www.fuldaernachrichten.de\/index.php?rest_route=\/wp\/v2\/posts\/157669","targetHints":{"allow":["GET"]}}],"collection":[{"href":"https:\/\/www.fuldaernachrichten.de\/index.php?rest_route=\/wp\/v2\/posts"}],"about":[{"href":"https:\/\/www.fuldaernachrichten.de\/index.php?rest_route=\/wp\/v2\/types\/post"}],"author":[{"embeddable":true,"href":"https:\/\/www.fuldaernachrichten.de\/index.php?rest_route=\/wp\/v2\/users\/1"}],"replies":[{"embeddable":true,"href":"https:\/\/www.fuldaernachrichten.de\/index.php?rest_route=%2Fwp%2Fv2%2Fcomments&post=157669"}],"version-history":[{"count":1,"href":"https:\/\/www.fuldaernachrichten.de\/index.php?rest_route=\/wp\/v2\/posts\/157669\/revisions"}],"predecessor-version":[{"id":157685,"href":"https:\/\/www.fuldaernachrichten.de\/index.php?rest_route=\/wp\/v2\/posts\/157669\/revisions\/157685"}],"wp:attachment":[{"href":"https:\/\/www.fuldaernachrichten.de\/index.php?rest_route=%2Fwp%2Fv2%2Fmedia&parent=157669"}],"wp:term":[{"taxonomy":"category","embeddable":true,"href":"https:\/\/www.fuldaernachrichten.de\/index.php?rest_route=%2Fwp%2Fv2%2Fcategories&post=157669"},{"taxonomy":"post_tag","embeddable":true,"href":"https:\/\/www.fuldaernachrichten.de\/index.php?rest_route=%2Fwp%2Fv2%2Ftags&post=157669"}],"curies":[{"name":"wp","href":"https:\/\/api.w.org\/{rel}","templated":true}]}}