{"id":157662,"date":"2016-11-29T21:33:52","date_gmt":"2016-11-29T20:33:52","guid":{"rendered":"http:\/\/www.fuldaer-nachrichten.de\/?p=157662"},"modified":"2016-11-29T21:33:52","modified_gmt":"2016-11-29T20:33:52","slug":"christliche-palaestinenserin-spricht-ueber-ihr-leben-in-bethlehem","status":"publish","type":"post","link":"https:\/\/www.fuldaernachrichten.de\/?p=157662","title":{"rendered":"Christliche Pal\u00e4stinenserin spricht \u00fcber ihr Leben in Bethlehem"},"content":{"rendered":"<p>Auf Einladung von Regionalkantor Christopher L\u00f6bens und der Katholischen Kirchengemeinde St. Jakobus H\u00fcnfeld spricht die pal\u00e4stinensische Christin Faten Mukarker, Bethlehem, am 04. Dezember um 19.15 Uhr im Pfarrzentrum \u00fcber die besonderen Bedingungen des allt\u00e4glichen Lebens von christlichen Familien im Geburtsort Jesu und in Pal\u00e4stina. Am 05. Dezember ist sie um 8 Uhr auf Einladung von Thomas N\u00fcdling im Oberstufenkurs Politik und Wirtschaft der Wigbertschule H\u00fcnfeld zu Gast. Der Eintritt ist frei.<\/p>\n<p>Faten Mukarker lebt im Schatten der Mauer, die Jerusalem und das pal\u00e4stinensische Bethlehem trennt. Auf beiden Seiten der Mauer leben Menschen, die an einen gerechten Frieden glauben. Doch es m\u00fcssen H\u00fcrden \u00fcberwunden werden, damit Israelis und Pal\u00e4stinenser zu einem Nebeneinander oder gar Miteinander finden. In einpr\u00e4gsamer Erz\u00e4hlweise macht Fater Mukarker den Zuh\u00f6rerinnen und Zuh\u00f6rern deutlich, wie Christen in dieser Situation leben und warum ihre Zahl sich verringert. Sie spricht auch davon, dass sie und ihre Landsleute keinen sehnlicheren Wunsch haben, als ohne Angst, frei und selbstbestimmt in einem eigenen lebensf\u00e4higen Staat neben dem Staat Israel zu leben.<\/p>\n","protected":false},"excerpt":{"rendered":"<div class=\"tmnf_excerpt\"><p>Auf Einladung von Regionalkantor Christopher L\u00f6bens und der Katholischen Kirchengemeinde St. Jakobus H\u00fcnfeld spricht die pal\u00e4stinensische Christin Faten Mukarker, Bethlehem, am 04. Dezember um 19.15 Uhr im Pfarrzentrum \u00fcber die besonderen Bedingungen des allt\u00e4glichen Lebens von christlichen Familien im Geburtsort Jesu und in Pal\u00e4stina. Am 05. Dezember ist sie um 8 Uhr auf Einladung von &hellip;<\/p>\n<\/div>","protected":false},"author":1,"featured_media":157670,"comment_status":"closed","ping_status":"closed","sticky":false,"template":"","format":"standard","meta":{"footnotes":""},"categories":[1],"tags":[],"class_list":["post-157662","post","type-post","status-publish","format-standard","has-post-thumbnail","hentry","category-startseite"],"_links":{"self":[{"href":"https:\/\/www.fuldaernachrichten.de\/index.php?rest_route=\/wp\/v2\/posts\/157662","targetHints":{"allow":["GET"]}}],"collection":[{"href":"https:\/\/www.fuldaernachrichten.de\/index.php?rest_route=\/wp\/v2\/posts"}],"about":[{"href":"https:\/\/www.fuldaernachrichten.de\/index.php?rest_route=\/wp\/v2\/types\/post"}],"author":[{"embeddable":true,"href":"https:\/\/www.fuldaernachrichten.de\/index.php?rest_route=\/wp\/v2\/users\/1"}],"replies":[{"embeddable":true,"href":"https:\/\/www.fuldaernachrichten.de\/index.php?rest_route=%2Fwp%2Fv2%2Fcomments&post=157662"}],"version-history":[{"count":1,"href":"https:\/\/www.fuldaernachrichten.de\/index.php?rest_route=\/wp\/v2\/posts\/157662\/revisions"}],"predecessor-version":[{"id":157671,"href":"https:\/\/www.fuldaernachrichten.de\/index.php?rest_route=\/wp\/v2\/posts\/157662\/revisions\/157671"}],"wp:featuredmedia":[{"embeddable":true,"href":"https:\/\/www.fuldaernachrichten.de\/index.php?rest_route=\/wp\/v2\/media\/157670"}],"wp:attachment":[{"href":"https:\/\/www.fuldaernachrichten.de\/index.php?rest_route=%2Fwp%2Fv2%2Fmedia&parent=157662"}],"wp:term":[{"taxonomy":"category","embeddable":true,"href":"https:\/\/www.fuldaernachrichten.de\/index.php?rest_route=%2Fwp%2Fv2%2Fcategories&post=157662"},{"taxonomy":"post_tag","embeddable":true,"href":"https:\/\/www.fuldaernachrichten.de\/index.php?rest_route=%2Fwp%2Fv2%2Ftags&post=157662"}],"curies":[{"name":"wp","href":"https:\/\/api.w.org\/{rel}","templated":true}]}}