{"id":157642,"date":"2016-11-29T21:31:12","date_gmt":"2016-11-29T20:31:12","guid":{"rendered":"http:\/\/www.fuldaer-nachrichten.de\/?p=157642"},"modified":"2016-11-29T21:31:12","modified_gmt":"2016-11-29T20:31:12","slug":"44-jubilare-bei-traditioneller-barbarafeier-geehrt%e2%80%a8-fcn-blickt-auf-erfolgreiches-geschaeftsjahr-zurueck","status":"publish","type":"post","link":"https:\/\/www.fuldaernachrichten.de\/?p=157642","title":{"rendered":"44 Jubilare bei traditioneller Barbarafeier geehrt\u00e2\u20ac\u00a8 &#8211; FCN blickt auf erfolgreiches Gesch\u00e4ftsjahr zur\u00fcck"},"content":{"rendered":"<p>R\u00fcckblick gehalten und zahlreiche Mitarbeiter f\u00fcr deren langj\u00e4hrige Betriebszugeh\u00f6rigkeit geehrt hat das Fuldaer Traditionsunternehmen FRANZ CARL N\u00dcDLING bei seiner traditionellen Barbarafeier im Stadtsaal der Orangerie Fulda. <\/p>\n<p>\u00dcber die gute Baukonjunktur 2016 sprach FCN-Gesch\u00e4ftsf\u00fchrer Bernhard Pilz und berichtete, dass FCN insbesondere in der Sparte Fertigteiltechnik von den aktuellen Tendenzen profitieren konnte. \u201eSowohl im Gesch\u00e4ftsfeld Systemrohbau als auch bei den L\u00e4rmschutzw\u00e4nden liegen die diesj\u00e4hrigen Fertigstellungszahlen deutlich \u00fcber den Vorjahreswerten.\u201c Auch f\u00fcr das kommende Jahr geht die FCN-Gesch\u00e4ftsf\u00fchrung von einer zufriedenstellenden Entwicklung und damit von nachhaltigem Wachstum f\u00fcr das Unternehmen aus.<\/p>\n<p>Bernhard Pilz ging weiterhin auf das 2015 eingef\u00fchrte Energiemanagement-System ein, das die Best\u00e4tigung der Zertifizierung nach der Pr\u00fcfungsnorm ISO 500001 vor kurzem erm\u00f6glicht hat. Aktuelle Informationen gab es aus dem neuen Plattenwerk Wandersleben, f\u00fcr das FCN rund sieben Millionen Euro investiert hatte. \u201eWir gehen davon aus, die Anlage ab Anfang 2017 voll auslasten zu k\u00f6nnen\u201c, so der FCN-Gesch\u00e4ftsf\u00fchrer. \u201eMit dem neuen Werk verf\u00fcgen wir \u00fcber einen hochleistungsf\u00e4higen Produktionskreislauf, mit dem wir unser bisheriges, erfolgreich am Markt etabliertes Plattenprogramm weiter in Richtung neue Oberfl\u00e4chen und Formate ausbauen werden.\u201c<\/p>\n<p>FCN besch\u00e4ftige sich au\u00dferdem weiter mit der Forschung und Umsetzung von Projekten in den Bereichen Recycling, CO2-Reduzierung und Schadstoffminderung. Als Beispiel nannte Bernhard Pilz das AirClean-Granulat. \u201eDiese Titandioxid beinhaltende K\u00f6rnung wurde nun in der Bardostra\u00dfe in Fulda zum ersten Mal auf einer vielbefahrenen Stra\u00dfe aufgebracht. Permanente Messungen, welche wissenschaftlich begleitet werden, sollen belegen, dass die bislang im Versuchscanyon erzielten Ergebnisse auch unter Verkehrsbedingungen realisiert werden k\u00f6nnen. Mit der zur Herstellung des AirClean-Granulates in Betrieb genommenen Recyclinganlage werden wir zudem Betonbruch, der vormals entsorgt wurde, aufbereiten und den daraus gewonnenen Brechsand wieder der Betonherstellung zuf\u00fchren k\u00f6nnen.\u201c<\/p>\n<p>Nach dem Gedenken an verstorbene Mitarbeiter nahm FCN-Gesch\u00e4ftsf\u00fchrer Peter N\u00fcdling die Ehrung der diesj\u00e4hrigen Jubilare vor. Dabei ging er auf die Ereignisse der Jahre 1971 und 1991 ein \u2013 dem Eintrittsjahr der diesj\u00e4hrigen Jubilare nach 45 und 25 Jahren Betriebszugeh\u00f6rigkeit. <\/p>\n<p>45-J\u00e4hriges feiern Reinhold Faulstich und Heino Ley. Die 34 Silberjubilare hei\u00dfen Andreas Abe, Ute Baur, Thomas Bernhardt, Marco B\u00f6s, Marcel Brode, Wolfang B\u00fcchner, Uwe Denner, Falk Dietzel, Reinwald Dietzel, Pasquale Ferrara, Andreas Fink, Roger Hickisch, Wolfgang J\u00e4ger, Udo Markert, Michael K\u00f6th, Frank Menzel, Mike Menzel, Dr. Steffen Mothes, Dieter Protz, Simon Raabe, Claudia Rahnfeld, Hilmar Rauch, Elke R\u00fcbsam, Lutz Ruppert, Leonardo Sassone, Martina Schneider, Richard Sch\u00fctz, Michael Schwab, Hans Teichm\u00fcller, Dr. Werner Tischer, Falko T\u00f6pfer, Ralf Wohlfahrt, Martin Zentgraf und Uwe Ziegenhorn. In den verdienten Ruhestand verabschiedet wurden die Altersjubilare Anni B\u00fcttner, Dietmar Ciba, Gerd Fiedler, Lothar H\u00e4fner, Werner H\u00e4fner, Lutz Scheffer, Hartmut Schmidt und Hermann Wehner. <\/p>\n<p>Dar\u00fcber hinaus gratulierte die FCN-Gesch\u00e4ftsf\u00fchrung Jannik Sill, der in diesem Sommer seine Ausbildung zum Verfahrensmechaniker in der Steine und Erdenindustrie, Fachrichtung Asphalttechnik, als \u201eBester der Republik\u201c abgeschlossen hatte.<br \/>\nGru\u00dfworte sprachen der Fuldaer Stadtrat Stefan Grauel sowie Michael Fischer f\u00fcr den Gesamtbetriebsrat \u2013 danach klang das Fest mit einem gemeinsamen Abendessen und gem\u00fctlichem Beisammensein aus.<\/p>\n","protected":false},"excerpt":{"rendered":"<div class=\"tmnf_excerpt\"><p>R\u00fcckblick gehalten und zahlreiche Mitarbeiter f\u00fcr deren langj\u00e4hrige Betriebszugeh\u00f6rigkeit geehrt hat das Fuldaer Traditionsunternehmen FRANZ CARL N\u00dcDLING bei seiner traditionellen Barbarafeier im Stadtsaal der Orangerie Fulda. \u00dcber die gute Baukonjunktur 2016 sprach FCN-Gesch\u00e4ftsf\u00fchrer Bernhard Pilz und berichtete, dass FCN insbesondere in der Sparte Fertigteiltechnik von den aktuellen Tendenzen profitieren konnte. \u201eSowohl im Gesch\u00e4ftsfeld Systemrohbau als &hellip;<\/p>\n<\/div>","protected":false},"author":1,"featured_media":157652,"comment_status":"closed","ping_status":"closed","sticky":false,"template":"","format":"standard","meta":{"footnotes":""},"categories":[1],"tags":[],"class_list":["post-157642","post","type-post","status-publish","format-standard","has-post-thumbnail","hentry","category-startseite"],"_links":{"self":[{"href":"https:\/\/www.fuldaernachrichten.de\/index.php?rest_route=\/wp\/v2\/posts\/157642","targetHints":{"allow":["GET"]}}],"collection":[{"href":"https:\/\/www.fuldaernachrichten.de\/index.php?rest_route=\/wp\/v2\/posts"}],"about":[{"href":"https:\/\/www.fuldaernachrichten.de\/index.php?rest_route=\/wp\/v2\/types\/post"}],"author":[{"embeddable":true,"href":"https:\/\/www.fuldaernachrichten.de\/index.php?rest_route=\/wp\/v2\/users\/1"}],"replies":[{"embeddable":true,"href":"https:\/\/www.fuldaernachrichten.de\/index.php?rest_route=%2Fwp%2Fv2%2Fcomments&post=157642"}],"version-history":[{"count":1,"href":"https:\/\/www.fuldaernachrichten.de\/index.php?rest_route=\/wp\/v2\/posts\/157642\/revisions"}],"predecessor-version":[{"id":157659,"href":"https:\/\/www.fuldaernachrichten.de\/index.php?rest_route=\/wp\/v2\/posts\/157642\/revisions\/157659"}],"wp:featuredmedia":[{"embeddable":true,"href":"https:\/\/www.fuldaernachrichten.de\/index.php?rest_route=\/wp\/v2\/media\/157652"}],"wp:attachment":[{"href":"https:\/\/www.fuldaernachrichten.de\/index.php?rest_route=%2Fwp%2Fv2%2Fmedia&parent=157642"}],"wp:term":[{"taxonomy":"category","embeddable":true,"href":"https:\/\/www.fuldaernachrichten.de\/index.php?rest_route=%2Fwp%2Fv2%2Fcategories&post=157642"},{"taxonomy":"post_tag","embeddable":true,"href":"https:\/\/www.fuldaernachrichten.de\/index.php?rest_route=%2Fwp%2Fv2%2Ftags&post=157642"}],"curies":[{"name":"wp","href":"https:\/\/api.w.org\/{rel}","templated":true}]}}