{"id":157640,"date":"2016-11-29T21:28:47","date_gmt":"2016-11-29T20:28:47","guid":{"rendered":"http:\/\/www.fuldaer-nachrichten.de\/?p=157640"},"modified":"2016-11-29T21:28:47","modified_gmt":"2016-11-29T20:28:47","slug":"klinikum-fulda-ehrung-fuer-verdiente-mitarbeiterinnen-und-mitarbeiter","status":"publish","type":"post","link":"https:\/\/www.fuldaernachrichten.de\/?p=157640","title":{"rendered":"Klinikum Fulda: Ehrung f\u00fcr verdiente Mitarbeiterinnen und Mitarbeiter"},"content":{"rendered":"<p>Der Vorstand des Klinikums Fulda ehrt  langj\u00e4hrige und verdienstvolle Mitarbeiterinnen und Mitarbeiter im Rahmen einer feierlichen Jubilar-Veranstaltung. Mit dabei  eine Mitarbeiterin, die ihr 40-j\u00e4hriges und 17 Mitarbeiterinnen und Mitarbeiter des Klinikums Fulda, die ihr 25-j\u00e4hriges Jubil\u00e4um feiern. Dreizehn Mitarbeiterinnen und Mitarbeiter wurden in den Ruhestand verabschiedet. <\/p>\n<p>Priv.-Doz. Dr. Thomas Menzel, Vorstandssprecher des Klinikums Fulda, begr\u00fc\u00dfte die Jubilare und Ruhest\u00e4ndler, auch im Namen seines Vorstandskollegen Andr\u00e8 Eydt, und bedankte sich f\u00fcr die langj\u00e4hrige Treue und ihren engagierten Dienst. <\/p>\n<p>\u201eWir sind Ihnen dankbar und auch stolz darauf, dass wir Sie heute f\u00fcr ihre langj\u00e4hrige  T\u00e4tigkeit auszeichnen und gleichzeitig einige von Ihnen in den wohlverdienten Ruhestand verabschieden zu d\u00fcrfen.\u201c <\/p>\n<p>Der Grundstein eines jeden Krankenhauses sind immer die Menschen, die dort ihren Dienst an den Patientinnen und Patienten verrichten so Menzel weiter. <\/p>\n<p>\u201eDaran hat sich seit der Gr\u00fcndung unseres Hauses im Jahr 1805 nichts ge\u00e4ndert: Ihr Engagement, Ihre Arbeitsleistung, Ihre Zuwendung in der Vergangenheit und auch heute machen aus unserem Krankenhaus erst das was es ist \u2013 und daf\u00fcr geb\u00fchrt Ihnen unsere Anerkennung und Dank\u201c, betonte Dr. Menzel. \u201eZu jeder Zeit haben die B\u00fcrgerinnen und B\u00fcrger der Region den Anspruch auf Kompetenz, Verantwortung und Geborgenheit an ihr Klinikum formuliert \u2013 und das ist stets die Richtschnur unseres Handelns\u201c, so der Vorstandssprecher weiter.<\/p>\n<p>Im Namen des Betriebsrates gratulierte auch  der Betriebsratsvorsitzende Rolf M\u00fcller herzlich und betonte wie wichtig die  langj\u00e4hrige Erfahrung, Wissen und Kompetenz der Besch\u00e4ftigten insbesondere im Krankenhaus seien, um die t\u00e4glichen Herausforderungen zu bew\u00e4ltigen. <\/p>\n<p>Im Anschluss an seine Ansprache stellte Dr. Menzel jeden der zu Ehrenden pers\u00f6nlich vor und berichtete \u00fcber den jeweiligen beruflichen Lebenslauf im Unternehmen. Gemeinsam mit dem Personalleiter Dr. Sebastian Schulten wurden allen Jubilaren sowie Ruhest\u00e4ndlern als Zeichen des Dankes und der Verbundenheit Urkunden und Pr\u00e4sente \u00fcberreicht. <\/p>\n<p>F\u00fcr ihr 40-J\u00e4hriges Dienstjubil\u00e4um wurde geehrt:<\/p>\n<p>Ilse Islei-Schulze hat von 1973 bis 1976 ihre Ausbildung zur Krankenschwester in der Universit\u00e4tsklinik in Gie\u00dfen absolviert und war dort bis 1985 t\u00e4tig. Seit 1986\t arbeitet sie als Fachkrankenschwester im Zentral-OP des Klinikums Fulda und ist dort als\u00e2\u20ac\u00a8Praxisanleiterin t\u00e4tig. Zudem unterrichtet sie seit f\u00fcnf Jahren an der OTA-Schule am Bildungszentrum des Klinikums Fulda. <\/p>\n<p>F\u00fcr ihr 25-J\u00e4hriges Dienstjubil\u00e4um wurden geehrt:<\/p>\n<p>Ulrike Berboth war von 1988 bis 1990 als MTRA in der R\u00f6ntgendiagnostik des Klinikums Fulda t\u00e4tig, wechselte anschlie\u00dfend in die Sinntal-Klinik nach Bad Br\u00fcckenau und kehrte am 1993 in die Radiologie des Klinikums Fulda zur\u00fcck.<br \/>\nAndrea Braun arbeitete seit 1989 als Krankenschwester auf der Station 2A Wach, wechselte im April 1994 auf die Intensiv-Station und ist seit M\u00e4rz 2000 wieder auf der Wach-Station der Station 2C t\u00e4tig.<br \/>\nHeike Cyrus\twar seit 1991 als Krankenschwester auf der Station 5B t\u00e4tig, wechselte 1995 auf die Station 6A und ist derzeit auf der Station 3C t\u00e4tig.<br \/>\nSusanne Eitelj\u00f6rge\tbegann im  Juli 1991\tals Krankenschwester im Zentral-OP des Klinikums Fulda. 1992 wechselte sie zun\u00e4chst auf die gyn\u00e4kologische Station 9A, 2000 auf die Stationen 8A und 8B und 2005 auf die Station 1B. Seit 2016 ist sie \tin der Klinik f\u00fcr Orthop\u00e4die und Unfallchirurgie t\u00e4tig.<\/p>\n<p>Manuela Frohnapfel\tarbeitete von 1991 bis 1994 als Krankenschwester an der Uniklinik in T\u00fcbingen und von 1994 bis 1998 im Zentralklinikum in Augsburg. 1998 wechselte sie als Fachkrankenschwester auf die Intensiv-Station des Klinikums Fulda. Seit 2005 ist sie im Aufwachraum der Klinik f\u00fcr An\u00e4sthesiologie, Intensiv- und Notfallmedizin t\u00e4tig.<\/p>\n<p>Dr. Helmut F\u00fc\u00dfler war von 1989 bis 1991  in der Klinik f\u00fcr Neurochirurgie des Klinikums Fulda zun\u00e4chst als Arzt im Praktikum, 1991 als Assistenzarzt und 1997 als Funktionsoberarzt t\u00e4tig. Im Jahr 2000 wurde er in der Neurochirurgie zum Oberarzt ernannt und wechselte ein Jahr sp\u00e4ter als Oberarzt in die neurochirurgische Klinik nach Offenbach.<br \/>\nIm April 2009\tkam Dr. F\u00fc\u00dfler als leitender Oberarzt der Klinik f\u00fcr Neurochirurgie ans Klinikum Fulda zur\u00fcck. <\/p>\n<p>Andrea Gemming ist seit 1991 als K\u00fcchenhilfe im Klinikum Fulda t\u00e4tig.<\/p>\n<p>Christa Gr\u00f6sch arbeitete seit Oktober 1991 als Krankenschwester auf der Station 6A und seit 2015 auf der Station 2B.<\/p>\n<p>Thomas Heller ist seit 1991\tals Diplom-Informatiker in der IT-Abteilung des Klinikums Fulda t\u00e4tig und hat seit Juli 2002 die Funktion des stellvertretenden IT-Leiters inne.<\/p>\n<p>Renate Heres hat 1991 als Arzthelferin in der Personaluntersuchung des Klinikums Fulda angefangen und arbeitet seit Juli 2008 in der Klinik f\u00fcr Neurologie als Stationsassistentin auf der Station 7B.<\/p>\n<p>Christine Herrlich ist als Krankenschwester seit 1991 auf verschiedenen Stationen im Klinikum eingesetzt. Von 1993 bis heute ist sie auf der Station 2A t\u00e4tig.<\/p>\n<p>Susanne Hofmann-Happ arbeitete von 1991 bis 2003 als Krankenschwester im Klinikum der Johann-Wolfgang-Goethe Universit\u00e4t Frankfurt\/M. 2003 wechselte sie zun\u00e4chst als Krankenschwester ins Herz-Jesu Krankenhaus Fulda und 2004 auf die Intensiv-Station des Klinikums Fulda. Von 2012 bis 2015 war sie im Klinikum als Study Nurse im Studienb\u00fcro t\u00e4tig. Seit Juli 2015 ist sie auf der Intensiv-Station des Klinikums eingesetzt.<\/p>\n<p>Simone Hohmann hat 1991 als Krankenschwester in der Julius-Maximilian-Universit\u00e4t in W\u00fcrzburg angefangen. Im April 1993 wechselte sie ans Klinikum Fulda auf die Station 5A Intensiv und absolvierte von 1995 bis 1997 die Fachweiterbildung Intensiv.<\/p>\n<p>Cornelia Huck war von 1991 bis 1995 zun\u00e4chst Krankenschwester im Kreiskrankenhaus Pfaffenhofen. 1995 wechselte sie ins Klinikum Fulda. Dort war sie als Krankenschwester auf der Station 6B, 2013 auf der Station 2A und seit Juni 2016 Station der 6A t\u00e4tig.<\/p>\n<p>Sylvia J\u00e4ger-Weiss\tabsolvierte von 1986 bis 1986 ein Praktikum und von 1986 bis 1989 eine Ausbildung zur Krankenschwester im Klinikum Fulda. Von 1989 bis 1990 war sie im Kantonspital Luzern als Krankenschwester t\u00e4tig. Seit Juli 1990\tist sie wieder im Klinikum Fulda \u2013 auf der Station 3C \u2013 t\u00e4tig.<br \/>\nBarbara Jakobi ist seit 1991\t als Kinderkrankenschwester auf der Fr\u00fchgeborenenstation-Station eingesetzt. Von 2007 bis heute arbeitet sie dort in der Milchk\u00fcche.<\/p>\n<p>Therese Juraszek arbeitet seit November 1991 bis heute als MTLA im Institut f\u00fcr Laboratoriumsmedizin.<\/p>\n<p>Reinhold Kl\u00fch ist von 1991\tbis heute als Mitarbeiter in der Leistungsabrechnung des Klinikums Fulda t\u00e4tig. <\/p>\n<p>Claudia Kraus arbeitete seit 1991\tals Krankenschwester in der Universit\u00e4tsklinik T\u00fcbingen. Im Juni 1992 wechselte sie ans Klinikum Fulda, zun\u00e4chst auf die Station 1B-Wach, 2009 auf die Station 4B und seit 2012 in die Urologie-Ambulanz.<\/p>\n<p>Sabrina Kress hat von 1989 bis 1991 ihre Ausbildung zur B\u00fcrokauffrau im Klinikum Fulda absolviert. Anschlie\u00dfend wurde sie in die Abteilung Zentraleinkauf \u00fcbernommen.  Seit 1995 ist sie als Mitarbeiterin im Zentrallager t\u00e4tig, wurde dort 2011 zur kommissarischen stellvertretenden Leitung des Zentrallagers, 2013 zur  kommissarischen Leitung des Zentrallagers und 2016 zur Leiterin des Zentrallagers ernannt.<\/p>\n<p>Evelyn K\u00fchlborn ist von 1991 bis heute als Krankenschwester auf der Station 4B t\u00e4tig. <\/p>\n<p>Simone Meller arbeitete seit 1991\tals Krankenschwester auf der Station 2 Ost der Klinik f\u00fcr Psychiatrie und wechselte 2004 in die Endoskopie der Medizinischen Klinik II. <\/p>\n<p>Helga Partosch ist seit 1991 als Ergotherapeutin in der Klinik f\u00fcr Psychiatrie t\u00e4tig. Bis  1996  hatte sie die Leitung der Ergotherapie inne. <\/p>\n<p>Cornelia Peters hat 1991 als Krankenschwester auf der Station 1B begonnen. 1996 wechselte sie auf die Station 1A und ist seit August 2015 als Angestellte im Archiv t\u00e4tig.<\/p>\n<p>Michael Roth\tist seit 1991\tals Angestellter im Archiv und seit 1992 als Angestellter im Bereich der EDV-Dokumentation im Institut f\u00fcr Laboratoriumsmedizin t\u00e4tig. 2013 wechselte er in den Bereich der Anmeldung des Radiologiezentrums und war bis zuletzt im Patiententransportdienst t\u00e4tig.<\/p>\n<p>Anita Rothhaupt ist seit 1991 als Mitarbeiterin in der K\u00fcche des Klinikums Fulda t\u00e4tig. 2008 wechselte sie als Stationshilfe in den Versorgungsdienst auf die Station 1B und  2014 als Versorgungsassistentin in die Zentralversorgung.<\/p>\n<p>Ulrich Sattler\that bereits seine Ausbildung zum Krankenpfleger im Klinikum Fulda absolviert. 1991 war er als Krankenpfleger auf der Station 2B und 1996 auf der Station 2B-Intensiv t\u00e4tig. Seit August 1996 arbeitet er im OP der Neurochirurgie.<\/p>\n<p>Cornelia Sauer-Walsch hat 1991\tals Krankenschwester auf der Station 4A angefangen und ist seit 1996 im Zentral-OP der Klinik f\u00fcr Orthop\u00e4die und Unfallchirurgie t\u00e4tig. 2005 wechselte sie zun\u00e4chst auf die Station 1B-Wach und kehrte 2007 in den Zentral-OP zur\u00fcck.<\/p>\n<p>Kristian Schmidt ist seit 1991 als Krankenpfleger auf der Intensiv-Station eingesetzt.<\/p>\n<p>Albert Schneider ist seit 1991 als Mitarbeiter im Finanz- und Rechnungswesen im Bereich Anlagenbuchhaltung eingesetzt.<\/p>\n<p>Astrid Singhof ist seit 1991\t als Krankenschwester auf der Station 1 Nord und seit 2000 auf der Station 1 Ost der Klinik f\u00fcr Psychiatrie t\u00e4tig. <\/p>\n<p>Kathrin Stemme ist seit 1990 als K\u00fcchenhilfe im Klinikum Fulda eingesetzt.<\/p>\n<p>Ines Stransky ist seit 1991\tals MTRA in der Radiologie t\u00e4tig.<\/p>\n<p>Katja Trapp-R\u00fctzel hat ihre Ausbildung zur Krankenschwester im Klinikum absolviert. 1991\twurde sie als Krankenschwester auf der Station 7B und 1993 auf der Intensiv-Station eingesetzt.<\/p>\n<p>Eleonore Trice arbeitet seit 1991 als Krankenschwester auf der Station 7B und seit 2015 auf der Station 1C.<\/p>\n<p>Brunhilde Ziegler\tarbeitete seit 1991 als Mitarbeiterin in der K\u00fcche des Klinikums Fulda. 2008\twechselte sie als Pflegehelferin auf die Station 2A und 2011\tauf die Station 4C. Seit 2015 ist sie auf den Station 4C und 3C und seit 2016 auf der Station 6A t\u00e4tig.<\/p>\n<p>In den Ruhestand wurde verabschiedet:<\/p>\n<p>Natalia B\u00f6hler\t (Krankenschwester der Station 4A), Gudrun Fischer\t(Krankenschwester der An\u00e4sthesie), Berta Fl\u00fcgel (K\u00fcchenhilfe),  Monika Grasselino (Verpflegungsdienst der Station 8B), Christine Mahr (Kinderkrankenschwester der Station H22),  Siglinde Matzek (Zentrallabor),  Renate Merker\t (Krankenschwester Station 1A),  Valentina Parschin (K\u00fcchenhilfe),  Manfred Pfeil (Telefonzentrale),  Gudrun Rohde (Krankenpflegehelferin Station 1B),  Birgit Storch (Kinderkrankenschwester Station H23), Ilona Urbach (Krankenschwester Station R1N),   Astrid Zehkorn (als Diplom-Sozialp\u00e4dagogin im Sozialdienst)<\/p>\n<p>Fotonachweis: Barbara Froese<\/p>\n","protected":false},"excerpt":{"rendered":"<div class=\"tmnf_excerpt\"><p>Der Vorstand des Klinikums Fulda ehrt langj\u00e4hrige und verdienstvolle Mitarbeiterinnen und Mitarbeiter im Rahmen einer feierlichen Jubilar-Veranstaltung. Mit dabei eine Mitarbeiterin, die ihr 40-j\u00e4hriges und 17 Mitarbeiterinnen und Mitarbeiter des Klinikums Fulda, die ihr 25-j\u00e4hriges Jubil\u00e4um feiern. Dreizehn Mitarbeiterinnen und Mitarbeiter wurden in den Ruhestand verabschiedet. Priv.-Doz. Dr. Thomas Menzel, Vorstandssprecher des Klinikums Fulda, begr\u00fc\u00dfte &hellip;<\/p>\n<\/div>","protected":false},"author":1,"featured_media":157646,"comment_status":"closed","ping_status":"closed","sticky":false,"template":"","format":"standard","meta":{"footnotes":""},"categories":[1],"tags":[],"class_list":["post-157640","post","type-post","status-publish","format-standard","has-post-thumbnail","hentry","category-startseite"],"_links":{"self":[{"href":"https:\/\/www.fuldaernachrichten.de\/index.php?rest_route=\/wp\/v2\/posts\/157640","targetHints":{"allow":["GET"]}}],"collection":[{"href":"https:\/\/www.fuldaernachrichten.de\/index.php?rest_route=\/wp\/v2\/posts"}],"about":[{"href":"https:\/\/www.fuldaernachrichten.de\/index.php?rest_route=\/wp\/v2\/types\/post"}],"author":[{"embeddable":true,"href":"https:\/\/www.fuldaernachrichten.de\/index.php?rest_route=\/wp\/v2\/users\/1"}],"replies":[{"embeddable":true,"href":"https:\/\/www.fuldaernachrichten.de\/index.php?rest_route=%2Fwp%2Fv2%2Fcomments&post=157640"}],"version-history":[{"count":1,"href":"https:\/\/www.fuldaernachrichten.de\/index.php?rest_route=\/wp\/v2\/posts\/157640\/revisions"}],"predecessor-version":[{"id":157647,"href":"https:\/\/www.fuldaernachrichten.de\/index.php?rest_route=\/wp\/v2\/posts\/157640\/revisions\/157647"}],"wp:featuredmedia":[{"embeddable":true,"href":"https:\/\/www.fuldaernachrichten.de\/index.php?rest_route=\/wp\/v2\/media\/157646"}],"wp:attachment":[{"href":"https:\/\/www.fuldaernachrichten.de\/index.php?rest_route=%2Fwp%2Fv2%2Fmedia&parent=157640"}],"wp:term":[{"taxonomy":"category","embeddable":true,"href":"https:\/\/www.fuldaernachrichten.de\/index.php?rest_route=%2Fwp%2Fv2%2Fcategories&post=157640"},{"taxonomy":"post_tag","embeddable":true,"href":"https:\/\/www.fuldaernachrichten.de\/index.php?rest_route=%2Fwp%2Fv2%2Ftags&post=157640"}],"curies":[{"name":"wp","href":"https:\/\/api.w.org\/{rel}","templated":true}]}}