{"id":157627,"date":"2016-11-29T21:25:45","date_gmt":"2016-11-29T20:25:45","guid":{"rendered":"http:\/\/www.fuldaer-nachrichten.de\/?p=157627"},"modified":"2016-11-29T21:25:45","modified_gmt":"2016-11-29T20:25:45","slug":"ehrung-der-tegut-jubilare-2016-dank-und-anerkennung-fuer-insgesamt-3275-arbeitsjahre","status":"publish","type":"post","link":"https:\/\/www.fuldaernachrichten.de\/?p=157627","title":{"rendered":"Ehrung der tegut\u00e2\u20ac\u00a6 Jubilare 2016 &#8211; Dank und Anerkennung f\u00fcr insgesamt 3275 Arbeitsjahre"},"content":{"rendered":"<p><a href=\"http:\/\/www.fuldaer-nachrichten.de\/wp-content\/uploads\/2016\/11\/tegut...-Jubilare-2016-Zentrale.jpg\"><img decoding=\"async\" src=\"http:\/\/www.fuldaer-nachrichten.de\/wp-content\/uploads\/2016\/11\/tegut...-Jubilare-2016-Zentrale-265x107.jpg\" alt=\"tegut-jubilare-2016-zentrale\" width=\"265\" height=\"107\" class=\"alignleft size-thumbnail wp-image-157632\" srcset=\"https:\/\/www.fuldaernachrichten.de\/wp-content\/uploads\/2016\/11\/tegut...-Jubilare-2016-Zentrale-265x107.jpg 265w, https:\/\/www.fuldaernachrichten.de\/wp-content\/uploads\/2016\/11\/tegut...-Jubilare-2016-Zentrale-768x309.jpg 768w, https:\/\/www.fuldaernachrichten.de\/wp-content\/uploads\/2016\/11\/tegut...-Jubilare-2016-Zentrale-600x241.jpg 600w, https:\/\/www.fuldaernachrichten.de\/wp-content\/uploads\/2016\/11\/tegut...-Jubilare-2016-Zentrale.jpg 900w\" sizes=\"(max-width: 265px) 100vw, 265px\" \/><\/a>Die tegut\u00e2\u20ac\u00a6 Gesch\u00e4ftsleitung dankte am 24. November 128 Mitarbeitenden zum 25. oder 40. Arbeitsjubil\u00e4um aus der Zentrale, den M\u00e4rkten sowie der Logistik in Fulda: \u201eWir freuen uns, dass wir in diesem Jahr wieder so viele Mitarbeitende ehren k\u00f6nnen. Heutzutage sind Betriebszugeh\u00f6rigkeiten ab 25 Jahren oder mehr nicht mehr Gang und Gebe\u201c, berichtet Karl-Heinz Brand. Das Gesch\u00e4ftsleitungsmitglied Personelles wei\u00df, dass die lebhafte Arbeit im Handel herausfordert und die eigene Pers\u00f6nlichkeit entwickelt. tegut\u00e2\u20ac\u00a6 begleite seine Mitarbeiter durch kontinuierliche Fortbildung auf diesem Weg. Der tatkr\u00e4ftige Einsatz in allen Unternehmensbereichen w\u00fcrde auch k\u00fcnftig im Unternehmen gebraucht. Thomas Gutberlet, der tegut\u00e2\u20ac\u00a6 Gesch\u00e4ftsf\u00fchrer, bringt es auf den Punkt: \u201eWir setzen klar auf altersgemischte Teams. Denn erfolgreich sind wir vor allem durch die Erfahrung der alten Hasen und das Hinterfragen von Prozessabl\u00e4ufen der jungen Wilden\u201c. Der stellvertretende Betriebsratsvorsitzende G\u00fcnter Ledermann erg\u00e4nzt: \u201eUnser Erfolgsgarant ist das Vorleben von Vertrauen und Verantwortung. Jede Partnerschaft auch die, die \u00fcber einen Arbeitsvertrag zustande kommt, entwickelt sich mit diesen beiden Gr\u00f6\u00dfen\u201c. Nur so k\u00f6nnten Partnerschaften 25 oder 40 Jahre oder auch l\u00e4nger bestehen.<br \/>\nGrund f\u00fcr die gro\u00dfe Anzahl an Jubilaren ist die gro\u00dfe Expansion von tegut\u00e2\u20ac\u00a6 in den Jahren 1990\/91 in die neuen Bundesl\u00e4nder nach dem Mauerfall und dem Zuzug neuer Mitarbeiter in das westliche tegut\u00e2\u20ac\u00a6 Gebiet.<\/p>\n<p>In den Ruhestand verabschiedet wurden zehn Mitarbeitende. Diese waren mehr als 25 Jahre erfolgreich im Unternehmen t\u00e4tig. Brand unterstreicht: \u201eWir danken f\u00fcr die langj\u00e4hrige Treue und Loyalit\u00e4t zum Unternehmen und w\u00fcnschen uns f\u00fcr die Zukunft weiterhin Verbundenheit zu unserer Arbeitsgemeinschaft\u201c.<\/p>\n<p>Stefan Schunck, Hauptgesch\u00e4ftsf\u00fchrer der Industrie und Handelskammer Fulda, \u00fcbermittelte allen Beteiligten, die Gl\u00fcckw\u00fcnsche und Urkunden der IHK Fulda.<\/p>\n<p>\u00dcber tegut\u00e2\u20ac\u00a6<br \/>\nDie tegut&#8230; gute Lebensmittel GmbH &#038; Co. KG ist ein Handelsunternehmen mit rund 280 Lebensmittelm\u00e4rkten in Hessen, Th\u00fcringen, Bayern sowie G\u00f6ttingen, Mainz, Stuttgart und Ludwigsburg. Das Angebot frischer und \u00f6kologischer Lebensmittel, regionaler Bezug sowie Aus- und Weiterbildungsm\u00f6glichkeiten der Mitarbeitenden stehen im Fokus des Vollsortimenters. tegut\u00e2\u20ac\u00a6 bietet seinen Kunden rund 25 000 Produkte (g\u00e4ngige Markenprodukte sowie Eigenmarken in den Preis- und Qualit\u00e4tsstufen tegut\u00e2\u20ac\u00a6 kleinster Preis, tegut\u00e2\u20ac\u00a6 Mehrwertmarke mit tegut\u00e2\u20ac\u00a6 Reinheitsversprechen, tegut\u00e2\u20ac\u00a6 vom Feinsten bis hin zu tegut\u00e2\u20ac\u00a6 Bio und der Vielzahl weiterer Bio-Lebensmittel von Markenherstellern). 1982 hat tegut\u00e2\u20ac\u00a6 erstmals Bio-Lebensmittel in sein Sortiment aufgenommen und erwirtschaftet heute mit \u00fcber 3000 Produkten 25 Prozent seines Umsatzes.<\/p>\n<p>tegut\u00e2\u20ac\u00a6 betreibt derzeit drei unterschiedliche Konzepte: 121 Superm\u00e4rkte (in Eigenregie mit 800 m2 bis 2500 m2 Verkaufsfl\u00e4che als Vollsortimenter mit bis zu 25 000 Artikeln), 122 inhabergef\u00fchrte Nahversorger (mit bis zu 800 m2 Verkaufsfl\u00e4che und rund 7500 angebotenen Artikeln) sowie 30 \u201etegut&#8230; L\u00e4dchen f\u00fcr alles\u201c (ab 120 m2 auf dem Land und in Stadtquartieren mit rund 4200 Produkten zur Nahversorgung). Seit 2013 ist tegut\u00e2\u20ac\u00a6 ein Teil der Genossenschaft Migros Z\u00fcrich. 2015 bel\u00e4uft sich der Netto-Umsatz auf 980,9 Mio. Euro (Vorjahr 970,0 Mio. Euro). Die Fl\u00e4chenproduktivit\u00e4t wurde 2015 um 2% gesteigert. Insgesamt sind 5.500 Menschen in den M\u00e4rkten, den Logistikzentren und den Zentralen Diensten in Fulda f\u00fcr tegut&#8230; t\u00e4tig.<\/p>\n","protected":false},"excerpt":{"rendered":"<div class=\"tmnf_excerpt\"><p>Die tegut\u00e2\u20ac\u00a6 Gesch\u00e4ftsleitung dankte am 24. November 128 Mitarbeitenden zum 25. oder 40. Arbeitsjubil\u00e4um aus der Zentrale, den M\u00e4rkten sowie der Logistik in Fulda: \u201eWir freuen uns, dass wir in diesem Jahr wieder so viele Mitarbeitende ehren k\u00f6nnen. Heutzutage sind Betriebszugeh\u00f6rigkeiten ab 25 Jahren oder mehr nicht mehr Gang und Gebe\u201c, berichtet Karl-Heinz Brand. Das &hellip;<\/p>\n<\/div>","protected":false},"author":1,"featured_media":157633,"comment_status":"closed","ping_status":"closed","sticky":false,"template":"","format":"standard","meta":{"footnotes":""},"categories":[1],"tags":[],"class_list":["post-157627","post","type-post","status-publish","format-standard","has-post-thumbnail","hentry","category-startseite"],"_links":{"self":[{"href":"https:\/\/www.fuldaernachrichten.de\/index.php?rest_route=\/wp\/v2\/posts\/157627","targetHints":{"allow":["GET"]}}],"collection":[{"href":"https:\/\/www.fuldaernachrichten.de\/index.php?rest_route=\/wp\/v2\/posts"}],"about":[{"href":"https:\/\/www.fuldaernachrichten.de\/index.php?rest_route=\/wp\/v2\/types\/post"}],"author":[{"embeddable":true,"href":"https:\/\/www.fuldaernachrichten.de\/index.php?rest_route=\/wp\/v2\/users\/1"}],"replies":[{"embeddable":true,"href":"https:\/\/www.fuldaernachrichten.de\/index.php?rest_route=%2Fwp%2Fv2%2Fcomments&post=157627"}],"version-history":[{"count":1,"href":"https:\/\/www.fuldaernachrichten.de\/index.php?rest_route=\/wp\/v2\/posts\/157627\/revisions"}],"predecessor-version":[{"id":157634,"href":"https:\/\/www.fuldaernachrichten.de\/index.php?rest_route=\/wp\/v2\/posts\/157627\/revisions\/157634"}],"wp:featuredmedia":[{"embeddable":true,"href":"https:\/\/www.fuldaernachrichten.de\/index.php?rest_route=\/wp\/v2\/media\/157633"}],"wp:attachment":[{"href":"https:\/\/www.fuldaernachrichten.de\/index.php?rest_route=%2Fwp%2Fv2%2Fmedia&parent=157627"}],"wp:term":[{"taxonomy":"category","embeddable":true,"href":"https:\/\/www.fuldaernachrichten.de\/index.php?rest_route=%2Fwp%2Fv2%2Fcategories&post=157627"},{"taxonomy":"post_tag","embeddable":true,"href":"https:\/\/www.fuldaernachrichten.de\/index.php?rest_route=%2Fwp%2Fv2%2Ftags&post=157627"}],"curies":[{"name":"wp","href":"https:\/\/api.w.org\/{rel}","templated":true}]}}