{"id":157555,"date":"2016-11-26T10:31:17","date_gmt":"2016-11-26T09:31:17","guid":{"rendered":"http:\/\/www.fuldaer-nachrichten.de\/?p=157555"},"modified":"2016-11-26T10:31:17","modified_gmt":"2016-11-26T09:31:17","slug":"landkreis-fulda-auf-firmenkontaktmesse-der-hochschule-fulda-vertreten","status":"publish","type":"post","link":"https:\/\/www.fuldaernachrichten.de\/?p=157555","title":{"rendered":"Landkreis Fulda auf Firmenkontaktmesse der Hochschule Fulda vertreten"},"content":{"rendered":"<p>Auch in diesem Jahr hat sich der Landkreis Fulda mit einem Informationsstand an der Firmenkontaktmesse auf dem Campus der Hochschule Fulda beteiligt. Die Firmenkontaktmesse ist die Jobb\u00f6rse der Hochschule Fulda, auf der Betriebe ihr Unternehmen pr\u00e4sentieren und Studierende sich \u00fcber Berufsfelder und konkrete Praktika- und Arbeitsangebote informieren k\u00f6nnen.<\/p>\n<p>Und das taten dann auch die Studentinnen und Studenten. Mit Fragen wie \u201eBieten Sie auch Praktikumspl\u00e4tze an?\u201c oder \u201eBesteht bei Ihnen die M\u00f6glichkeit, eine Bachelor-Thesis zu schreiben?\u201c wurden Ausbildungsleiterin Maria Post und die am Stand anwesenden Studierenden des Landkreises konfrontiert und gaben Auskunft. An der \u201eJobwall\u201c bot der Landkreis Praktikumspl\u00e4tze f\u00fcr das Anerkennungsjahr im Studiengang Soziale Arbeit sowie f\u00fcr die Praxissemester in den Studieng\u00e4nge Sozialrecht und Gesundheitsf\u00f6rderung an.<\/p>\n<p>Mit den Studieng\u00e4ngen Soziale Arbeit (BASA-dual), Soziale Sicherung, Inklusion, Verwaltung (BASS) sowie Sozialrecht (Bachelor of Laws) nutzt der Landkreis bereits seit Jahren das schulische Angebot der Hochschule und erg\u00e4nzt es um den praktischen Teil. Mit der Veranstaltung entsteht eine Win-Win-Situation f\u00fcr alle Beteiligten. Das kann auch Maria Post best\u00e4tigen: \u201eWir verzeichnen mehr Bewerbungseing\u00e4nge, werden als potentieller Arbeitgeber wahrgenommen und haben heute die Chance, Mitarbeiter von morgen zu finden.\u201c<\/p>\n","protected":false},"excerpt":{"rendered":"<div class=\"tmnf_excerpt\"><p>Auch in diesem Jahr hat sich der Landkreis Fulda mit einem Informationsstand an der Firmenkontaktmesse auf dem Campus der Hochschule Fulda beteiligt. Die Firmenkontaktmesse ist die Jobb\u00f6rse der Hochschule Fulda, auf der Betriebe ihr Unternehmen pr\u00e4sentieren und Studierende sich \u00fcber Berufsfelder und konkrete Praktika- und Arbeitsangebote informieren k\u00f6nnen. Und das taten dann auch die Studentinnen &hellip;<\/p>\n<\/div>","protected":false},"author":1,"featured_media":157560,"comment_status":"closed","ping_status":"closed","sticky":false,"template":"","format":"standard","meta":{"footnotes":""},"categories":[1],"tags":[],"class_list":["post-157555","post","type-post","status-publish","format-standard","has-post-thumbnail","hentry","category-startseite"],"_links":{"self":[{"href":"https:\/\/www.fuldaernachrichten.de\/index.php?rest_route=\/wp\/v2\/posts\/157555","targetHints":{"allow":["GET"]}}],"collection":[{"href":"https:\/\/www.fuldaernachrichten.de\/index.php?rest_route=\/wp\/v2\/posts"}],"about":[{"href":"https:\/\/www.fuldaernachrichten.de\/index.php?rest_route=\/wp\/v2\/types\/post"}],"author":[{"embeddable":true,"href":"https:\/\/www.fuldaernachrichten.de\/index.php?rest_route=\/wp\/v2\/users\/1"}],"replies":[{"embeddable":true,"href":"https:\/\/www.fuldaernachrichten.de\/index.php?rest_route=%2Fwp%2Fv2%2Fcomments&post=157555"}],"version-history":[{"count":1,"href":"https:\/\/www.fuldaernachrichten.de\/index.php?rest_route=\/wp\/v2\/posts\/157555\/revisions"}],"predecessor-version":[{"id":157561,"href":"https:\/\/www.fuldaernachrichten.de\/index.php?rest_route=\/wp\/v2\/posts\/157555\/revisions\/157561"}],"wp:featuredmedia":[{"embeddable":true,"href":"https:\/\/www.fuldaernachrichten.de\/index.php?rest_route=\/wp\/v2\/media\/157560"}],"wp:attachment":[{"href":"https:\/\/www.fuldaernachrichten.de\/index.php?rest_route=%2Fwp%2Fv2%2Fmedia&parent=157555"}],"wp:term":[{"taxonomy":"category","embeddable":true,"href":"https:\/\/www.fuldaernachrichten.de\/index.php?rest_route=%2Fwp%2Fv2%2Fcategories&post=157555"},{"taxonomy":"post_tag","embeddable":true,"href":"https:\/\/www.fuldaernachrichten.de\/index.php?rest_route=%2Fwp%2Fv2%2Ftags&post=157555"}],"curies":[{"name":"wp","href":"https:\/\/api.w.org\/{rel}","templated":true}]}}