{"id":157533,"date":"2016-11-26T10:27:12","date_gmt":"2016-11-26T09:27:12","guid":{"rendered":"http:\/\/www.fuldaer-nachrichten.de\/?p=157533"},"modified":"2016-11-26T10:27:12","modified_gmt":"2016-11-26T09:27:12","slug":"vortrag-hinter-dem-geld-antisemitismus-und-verschwo%cc%88rungsdiskurs-mit-daniel-kulla-im-rahmen-der-aktionswochen-gegen-antisemitismus-fulda","status":"publish","type":"post","link":"https:\/\/www.fuldaernachrichten.de\/?p=157533","title":{"rendered":"Vortrag \u201eHinter dem Geld \u2013 Antisemitismus und Verschwo\u00cc\u02c6rungsdiskurs\u201e mit Daniel Kulla im Rahmen der Aktionswochen gegen Antisemitismus Fulda"},"content":{"rendered":"<p><a href=\"http:\/\/www.fuldaer-nachrichten.de\/wp-content\/uploads\/2016\/11\/Daniel_Kulla.jpg\"><img decoding=\"async\" src=\"http:\/\/www.fuldaer-nachrichten.de\/wp-content\/uploads\/2016\/11\/Daniel_Kulla-265x176.jpg\" alt=\"daniel_kulla\" width=\"265\" height=\"176\" class=\"alignleft size-thumbnail wp-image-157537\" srcset=\"https:\/\/www.fuldaernachrichten.de\/wp-content\/uploads\/2016\/11\/Daniel_Kulla-265x176.jpg 265w, https:\/\/www.fuldaernachrichten.de\/wp-content\/uploads\/2016\/11\/Daniel_Kulla-768x511.jpg 768w, https:\/\/www.fuldaernachrichten.de\/wp-content\/uploads\/2016\/11\/Daniel_Kulla-600x399.jpg 600w, https:\/\/www.fuldaernachrichten.de\/wp-content\/uploads\/2016\/11\/Daniel_Kulla.jpg 900w\" sizes=\"(max-width: 265px) 100vw, 265px\" \/><\/a>Wer steckt hinter dem Geld? Der Vortrag am 29.11.2016, um 19 Uhr in den R\u00e4umen des mag.lab (Buttlarstr. 1a, Fulda) zeigt den Zusammengang von Verschw\u00f6rungstheorien und Antisemitismus<br \/>\nIst u\u00cc\u02c6ber Verschwo\u00cc\u02c6rungstheorien nicht la\u00cc\u02c6ngst alles gesagt worden? Die Organisator*innen der diesja\u00cc\u02c6hrigen Aktionswochen gegen Antisemitismus in Fulda glauben: Nein. Wer kennt sie nicht: die Reichsbu\u00cc\u02c6rger*innen, Anha\u00cc\u02c6nger*innen der gro\u00dfen Weltverschwo\u00cc\u02c6rung oder auch die Impfgegner*innen? Verschwo\u00cc\u02c6rungstheorien scheinen heutzutage kaum Grenzen gesetzt zu sein. Denn, wenn eigentlich alles in Ordnung scheint, dann mu\u00cc\u02c6ssen die Krisen, Kriege und der eigene Misserfolg schlie\u00dflich woanders her kommen. Vielen Menschen genu\u00cc\u02c6gt es meist, mit dem Finger auf die angeblich faulen Fremden zu zeigen, die einem doch die Arbeitspla\u00cc\u02c6tze streitig machen, oder auf das betru\u00cc\u02c6gerische fremde Kapital, das ins ehrenwerte einheimische Kreditgescha\u00cc\u02c6ft eingreift. Doch heute werden nicht mehr wilde Spekulationen aufgrund unzureichender Informationen angestellt, sondern die verfu\u00cc\u02c6gbarer Informationen einfach auf das eigene Weltbild reduziert. Die Ideen dieser Verschwo\u00cc\u02c6rungstheorien kommt dabei aus der Mitte der Gesellschaft. Sie knu\u00cc\u02c6pft an den dort bestehenden Nationalismus, Rassismus und Antisemitismus an und spitzt diese zu. Diesen Ideen und Mechanismen geht die Veranstaltung zusammen mit dem Autor des Buchs \u201eEntschwo\u00cc\u02c6rungstheorie\u201c, Daniel Kulla, auf den Grund.<br \/>\nWeitere Informationen finden Sie unter http:\/\/aktionswochenfulda.wordpress.com\/ und http:\/\/facebook.com\/aktionswochenfulda\/<\/p>\n","protected":false},"excerpt":{"rendered":"<div class=\"tmnf_excerpt\"><p>Wer steckt hinter dem Geld? Der Vortrag am 29.11.2016, um 19 Uhr in den R\u00e4umen des mag.lab (Buttlarstr. 1a, Fulda) zeigt den Zusammengang von Verschw\u00f6rungstheorien und Antisemitismus Ist u\u00cc\u02c6ber Verschwo\u00cc\u02c6rungstheorien nicht la\u00cc\u02c6ngst alles gesagt worden? Die Organisator*innen der diesja\u00cc\u02c6hrigen Aktionswochen gegen Antisemitismus in Fulda glauben: Nein. Wer kennt sie nicht: die Reichsbu\u00cc\u02c6rger*innen, Anha\u00cc\u02c6nger*innen der gro\u00dfen &hellip;<\/p>\n<\/div>","protected":false},"author":1,"featured_media":157536,"comment_status":"closed","ping_status":"closed","sticky":false,"template":"","format":"standard","meta":{"footnotes":""},"categories":[1],"tags":[],"class_list":["post-157533","post","type-post","status-publish","format-standard","has-post-thumbnail","hentry","category-startseite"],"_links":{"self":[{"href":"https:\/\/www.fuldaernachrichten.de\/index.php?rest_route=\/wp\/v2\/posts\/157533","targetHints":{"allow":["GET"]}}],"collection":[{"href":"https:\/\/www.fuldaernachrichten.de\/index.php?rest_route=\/wp\/v2\/posts"}],"about":[{"href":"https:\/\/www.fuldaernachrichten.de\/index.php?rest_route=\/wp\/v2\/types\/post"}],"author":[{"embeddable":true,"href":"https:\/\/www.fuldaernachrichten.de\/index.php?rest_route=\/wp\/v2\/users\/1"}],"replies":[{"embeddable":true,"href":"https:\/\/www.fuldaernachrichten.de\/index.php?rest_route=%2Fwp%2Fv2%2Fcomments&post=157533"}],"version-history":[{"count":1,"href":"https:\/\/www.fuldaernachrichten.de\/index.php?rest_route=\/wp\/v2\/posts\/157533\/revisions"}],"predecessor-version":[{"id":157538,"href":"https:\/\/www.fuldaernachrichten.de\/index.php?rest_route=\/wp\/v2\/posts\/157533\/revisions\/157538"}],"wp:featuredmedia":[{"embeddable":true,"href":"https:\/\/www.fuldaernachrichten.de\/index.php?rest_route=\/wp\/v2\/media\/157536"}],"wp:attachment":[{"href":"https:\/\/www.fuldaernachrichten.de\/index.php?rest_route=%2Fwp%2Fv2%2Fmedia&parent=157533"}],"wp:term":[{"taxonomy":"category","embeddable":true,"href":"https:\/\/www.fuldaernachrichten.de\/index.php?rest_route=%2Fwp%2Fv2%2Fcategories&post=157533"},{"taxonomy":"post_tag","embeddable":true,"href":"https:\/\/www.fuldaernachrichten.de\/index.php?rest_route=%2Fwp%2Fv2%2Ftags&post=157533"}],"curies":[{"name":"wp","href":"https:\/\/api.w.org\/{rel}","templated":true}]}}