{"id":157530,"date":"2016-11-26T10:26:22","date_gmt":"2016-11-26T09:26:22","guid":{"rendered":"http:\/\/www.fuldaer-nachrichten.de\/?p=157530"},"modified":"2016-11-26T10:26:22","modified_gmt":"2016-11-26T09:26:22","slug":"schreiner-ralf-hornung-spendete-zum-wiederholten-mal","status":"publish","type":"post","link":"https:\/\/www.fuldaernachrichten.de\/?p=157530","title":{"rendered":"Schreiner Ralf Hornung spendete zum wiederholten Mal"},"content":{"rendered":"<p>Zum vierten Mal spendete Schreiner Ralf Hornung, Firmeninhaber \u201eMein Terrassendach\u201c aus Hofbieber, an die integrierte Wohnungslosenhilfe des Caritasverbandes f\u00fcr die Regionen Fulda und Geisa in Fulda. In diesem Jahr konnte er einen Scheck \u00fcber 1.000 Euro an Gesch\u00e4ftsf\u00fchrer Christian Reuter und Bereichsleiter Torsten Hammer \u00fcbergeben. Durch einen Fernsehbericht von Jenke von Wilmsdorff \u00fcber Obdachlosigkeit sei er vor Jahren auf das Problem aufmerksam geworden. Seine Assoziation damals, er baue \u00fcber die K\u00f6pfe von Menschen Terrassend\u00e4cher, den Wohnungslosen fehle meist ein \u201eDach \u00fcber dem Kopf\u201c, so der Spender. Bei seiner Recherche stie\u00df er auf die Wohnungslosenhilfe der Fuldaer Caritas. Ihm habe gefallen, dass die Spendengelder den Betroffenen direkt zu Gute k\u00e4men und damit Notlagen beseitigt w\u00fcrden. Wichtig sei ihm auch, dass professionelle Hilfe die Lebensqualit\u00e4t verbessere und die Integration in die Gesellschaft erm\u00f6gliche. Torsten Hammer sagte, dass Durchreisende manchmal einen neuen Schlafsack oder ein Zelt br\u00e4uchten, um sich gegen N\u00e4sse und K\u00e4lte zu sch\u00fctzen. Daf\u00fcr seien Spenden gut zu gebrauchen. Au\u00dferdem biete der Verband immer am Heiligenabend f\u00fcr Alleinstehende, Obdach- und Wohnungslose die M\u00f6glichkeit Weihnachten gemeinsam zu feiern. Sich f\u00fcr Obdachlose stark zu machen, ihnen mit Caf\u00e9 Jakobsbrunnen eine Begegnungsst\u00e4tte und Wohneinheiten zur Sesshaftmachung zu bieten, habe sich bew\u00e4hrt, so Gesch\u00e4ftsf\u00fchrer Christian Reuter, der im Namen des Verbandes f\u00fcr die gro\u00dfz\u00fcgige Spende dankte. Bei einem Rundgang machte sich Ralf Hornung ein Bild von der Arbeit der Wohnungslosenhilfe. <\/p>\n<p>Spendenkonto: Caritasverband, Sparkasse Fulda, IBAN: DE58 5305 0180 0000 0001 34, BIC: HELADEF1FDS, Vermerk \u201eWeihnachtsfeier Obdachlose 2016\u201c.<br \/>\nSachspenden holen wir gerne ab. <\/p>\n<p>Bild: Ralf Hornung (links) \u00fcbergab den Spendenscheck an Bereichsleiter Wohnungslosenhilfe Torsten Hammer (Mitte) und Gesch\u00e4ftsf\u00fchrer Christian Reuter (links).<\/p>\n","protected":false},"excerpt":{"rendered":"<div class=\"tmnf_excerpt\"><p>Zum vierten Mal spendete Schreiner Ralf Hornung, Firmeninhaber \u201eMein Terrassendach\u201c aus Hofbieber, an die integrierte Wohnungslosenhilfe des Caritasverbandes f\u00fcr die Regionen Fulda und Geisa in Fulda. In diesem Jahr konnte er einen Scheck \u00fcber 1.000 Euro an Gesch\u00e4ftsf\u00fchrer Christian Reuter und Bereichsleiter Torsten Hammer \u00fcbergeben. Durch einen Fernsehbericht von Jenke von Wilmsdorff \u00fcber Obdachlosigkeit sei &hellip;<\/p>\n<\/div>","protected":false},"author":1,"featured_media":157534,"comment_status":"closed","ping_status":"closed","sticky":false,"template":"","format":"standard","meta":{"footnotes":""},"categories":[1],"tags":[],"class_list":["post-157530","post","type-post","status-publish","format-standard","has-post-thumbnail","hentry","category-startseite"],"_links":{"self":[{"href":"https:\/\/www.fuldaernachrichten.de\/index.php?rest_route=\/wp\/v2\/posts\/157530","targetHints":{"allow":["GET"]}}],"collection":[{"href":"https:\/\/www.fuldaernachrichten.de\/index.php?rest_route=\/wp\/v2\/posts"}],"about":[{"href":"https:\/\/www.fuldaernachrichten.de\/index.php?rest_route=\/wp\/v2\/types\/post"}],"author":[{"embeddable":true,"href":"https:\/\/www.fuldaernachrichten.de\/index.php?rest_route=\/wp\/v2\/users\/1"}],"replies":[{"embeddable":true,"href":"https:\/\/www.fuldaernachrichten.de\/index.php?rest_route=%2Fwp%2Fv2%2Fcomments&post=157530"}],"version-history":[{"count":1,"href":"https:\/\/www.fuldaernachrichten.de\/index.php?rest_route=\/wp\/v2\/posts\/157530\/revisions"}],"predecessor-version":[{"id":157535,"href":"https:\/\/www.fuldaernachrichten.de\/index.php?rest_route=\/wp\/v2\/posts\/157530\/revisions\/157535"}],"wp:featuredmedia":[{"embeddable":true,"href":"https:\/\/www.fuldaernachrichten.de\/index.php?rest_route=\/wp\/v2\/media\/157534"}],"wp:attachment":[{"href":"https:\/\/www.fuldaernachrichten.de\/index.php?rest_route=%2Fwp%2Fv2%2Fmedia&parent=157530"}],"wp:term":[{"taxonomy":"category","embeddable":true,"href":"https:\/\/www.fuldaernachrichten.de\/index.php?rest_route=%2Fwp%2Fv2%2Fcategories&post=157530"},{"taxonomy":"post_tag","embeddable":true,"href":"https:\/\/www.fuldaernachrichten.de\/index.php?rest_route=%2Fwp%2Fv2%2Ftags&post=157530"}],"curies":[{"name":"wp","href":"https:\/\/api.w.org\/{rel}","templated":true}]}}