{"id":157488,"date":"2016-11-24T23:03:02","date_gmt":"2016-11-24T22:03:02","guid":{"rendered":"http:\/\/www.fuldaer-nachrichten.de\/?p=157488"},"modified":"2016-11-24T23:03:02","modified_gmt":"2016-11-24T22:03:02","slug":"landkreis-fulda-ordnet-aufstallung-von-gefluegel-an","status":"publish","type":"post","link":"https:\/\/www.fuldaernachrichten.de\/?p=157488","title":{"rendered":"Landkreis Fulda ordnet Aufstallung von Gefl\u00fcgel an"},"content":{"rendered":"<p>Der Landrat des Landkreises Fulda hat eine Allgemeinverf\u00fcgung zur Aufstallung von Gefl\u00fcgel sowie zum Verbot der Durchf\u00fchrung und des Besuchs von Ausstellungen und M\u00e4rkten mit Gefl\u00fcgel und V\u00f6geln anderer Arten erlassen. <\/p>\n<p>F\u00fcr alle privaten und gewerblichen Tierhalter, die Gefl\u00fcgel im Sinne der Gefl\u00fcgelpest-Verordnung halten, wird eine Aufstallung des Gefl\u00fcgels angeordnet. Diese muss entweder in geschlossenen St\u00e4llen oder unter einer Vorrichtung erfolgen, die den Kontakt mit Wildv\u00f6geln verhindert. Auch sind bis auf Weiteres Ausstellungen, B\u00f6rsen, M\u00e4rkte sowie Veranstaltungen \u00e4hnlicher Art verboten, bei denen Gefl\u00fcgel und gehaltene V\u00f6gel anderer Arten verkauft, gehandelt oder zur Schau gestellt werden. Zudem d\u00fcrfen Gefl\u00fcgel und gehaltene V\u00f6gel anderer Arten aus dem Landkreis Fulda zum Zwecke der Teilnahme an Ausstellungen, B\u00f6rsen, M\u00e4rkte sowie Veranstaltungen \u00e4hnlicher Art nicht verbracht werden.<\/p>\n<p>Die Allgemeinverf\u00fcgung gilt ab dem 25. November und kann beim Fachdienst Veterin\u00e4rwesen und Verbraucherschutz im Kreisgesundheitsamt Fulda, Otfrid-von-Wei\u00dfenburgstra\u00dfe. 3, sowie auf der Homepage des Landkreises Fulda unter http:\/\/www.landkreis-fulda.de\/behoerdennummer-115\/gesundheit\/tierschutztiergesundheit\/tiergesundheit.html eingesehen werden.<\/p>\n","protected":false},"excerpt":{"rendered":"<div class=\"tmnf_excerpt\"><p>Der Landrat des Landkreises Fulda hat eine Allgemeinverf\u00fcgung zur Aufstallung von Gefl\u00fcgel sowie zum Verbot der Durchf\u00fchrung und des Besuchs von Ausstellungen und M\u00e4rkten mit Gefl\u00fcgel und V\u00f6geln anderer Arten erlassen. F\u00fcr alle privaten und gewerblichen Tierhalter, die Gefl\u00fcgel im Sinne der Gefl\u00fcgelpest-Verordnung halten, wird eine Aufstallung des Gefl\u00fcgels angeordnet. Diese muss entweder in geschlossenen &hellip;<\/p>\n<\/div>","protected":false},"author":1,"featured_media":0,"comment_status":"closed","ping_status":"closed","sticky":false,"template":"","format":"standard","meta":{"footnotes":""},"categories":[1],"tags":[],"class_list":["post-157488","post","type-post","status-publish","format-standard","hentry","category-startseite"],"_links":{"self":[{"href":"https:\/\/www.fuldaernachrichten.de\/index.php?rest_route=\/wp\/v2\/posts\/157488","targetHints":{"allow":["GET"]}}],"collection":[{"href":"https:\/\/www.fuldaernachrichten.de\/index.php?rest_route=\/wp\/v2\/posts"}],"about":[{"href":"https:\/\/www.fuldaernachrichten.de\/index.php?rest_route=\/wp\/v2\/types\/post"}],"author":[{"embeddable":true,"href":"https:\/\/www.fuldaernachrichten.de\/index.php?rest_route=\/wp\/v2\/users\/1"}],"replies":[{"embeddable":true,"href":"https:\/\/www.fuldaernachrichten.de\/index.php?rest_route=%2Fwp%2Fv2%2Fcomments&post=157488"}],"version-history":[{"count":1,"href":"https:\/\/www.fuldaernachrichten.de\/index.php?rest_route=\/wp\/v2\/posts\/157488\/revisions"}],"predecessor-version":[{"id":157504,"href":"https:\/\/www.fuldaernachrichten.de\/index.php?rest_route=\/wp\/v2\/posts\/157488\/revisions\/157504"}],"wp:attachment":[{"href":"https:\/\/www.fuldaernachrichten.de\/index.php?rest_route=%2Fwp%2Fv2%2Fmedia&parent=157488"}],"wp:term":[{"taxonomy":"category","embeddable":true,"href":"https:\/\/www.fuldaernachrichten.de\/index.php?rest_route=%2Fwp%2Fv2%2Fcategories&post=157488"},{"taxonomy":"post_tag","embeddable":true,"href":"https:\/\/www.fuldaernachrichten.de\/index.php?rest_route=%2Fwp%2Fv2%2Ftags&post=157488"}],"curies":[{"name":"wp","href":"https:\/\/api.w.org\/{rel}","templated":true}]}}