{"id":157420,"date":"2016-11-22T22:44:59","date_gmt":"2016-11-22T21:44:59","guid":{"rendered":"http:\/\/www.fuldaer-nachrichten.de\/?p=157420"},"modified":"2016-11-22T22:44:59","modified_gmt":"2016-11-22T21:44:59","slug":"traditioneller-weihnachtsmarkt-in-poppenhausen-7","status":"publish","type":"post","link":"https:\/\/www.fuldaernachrichten.de\/?p=157420","title":{"rendered":"Traditioneller Weihnachtsmarkt in Poppenhausen"},"content":{"rendered":"<p>Am 1. Adventsonntag, den 27.November 2016 veranstaltet die Gemeinde Poppenhausen auf dem historischen Marktplatz den allj\u00e4hrlichen Weihnachtsmarkt, zu dem G\u00e4ste aus nah und fern herzlich eingeladen sind.<br \/>\nNach dem Gottesdienst wird der Markt gegen 11.00 Uhr von B\u00fcrgermeister Manfred Helfrich und geladenen Ehreng\u00e4sten er\u00f6ffnet. Musikalisch wird dies vom Musikverein C\u00e4cilia begleitet. Um 14.00 Uhr findet ein weihnachtliches Platzkonzert statt. Gegen 15.00 Uhr besucht der Nikolaus unsere kleinen Besucher. Nach dem Vortragen der Weihnachtsgeschichte und einiger Gedichte verteilt er wie in jedem Jahr die in seinem gro\u00dfen Sack versteckten Geschenke an die Kinder.<\/p>\n<p>Der Weihnachtsmarkt ist besonders handwerklich und weihnachtlich ausgerichtet. An den verschiedenehn Marktst\u00e4nden werden weihnachtliche Basteleien, Handarbeiten, Geschenkartikel, Krippen, Schmuck, verschiedene kulinarische K\u00f6stlichkeiten, Pl\u00e4tzchen und andere selbstgemachte K\u00f6stlichkeiten, Gl\u00fchwein und sonstige n\u00fctzliche Dinge angeboten. Das Blument\u00f6pfchen pr\u00e4sentiert eine besondere florale Ausstellung im Gew\u00f6lbekeller. Im Rathaus von Poppenhausen (Wasserkuppe) k\u00f6nnen Sie die neue Bilderausstellung der Rh\u00f6ner K\u00fcnstlerin Jeannett Rotter anschauen. Der Markt l\u00e4dt ein zum Bummeln und Verweilen und bietet schlie\u00dflich Gelegenheit zur Begegnung und zu guten Gespr\u00e4chen.<\/p>\n<p>Die Poppenhausener laden Sie herzlich auf ihren festlich geschm\u00fcckten Markplatz ein, wo ein besonders festliches Ambiente geboten wird.<\/p>\n","protected":false},"excerpt":{"rendered":"<div class=\"tmnf_excerpt\"><p>Am 1. Adventsonntag, den 27.November 2016 veranstaltet die Gemeinde Poppenhausen auf dem historischen Marktplatz den allj\u00e4hrlichen Weihnachtsmarkt, zu dem G\u00e4ste aus nah und fern herzlich eingeladen sind. Nach dem Gottesdienst wird der Markt gegen 11.00 Uhr von B\u00fcrgermeister Manfred Helfrich und geladenen Ehreng\u00e4sten er\u00f6ffnet. Musikalisch wird dies vom Musikverein C\u00e4cilia begleitet. Um 14.00 Uhr findet &hellip;<\/p>\n<\/div>","protected":false},"author":1,"featured_media":157424,"comment_status":"closed","ping_status":"closed","sticky":false,"template":"","format":"standard","meta":{"footnotes":""},"categories":[1],"tags":[],"class_list":["post-157420","post","type-post","status-publish","format-standard","has-post-thumbnail","hentry","category-startseite"],"_links":{"self":[{"href":"https:\/\/www.fuldaernachrichten.de\/index.php?rest_route=\/wp\/v2\/posts\/157420","targetHints":{"allow":["GET"]}}],"collection":[{"href":"https:\/\/www.fuldaernachrichten.de\/index.php?rest_route=\/wp\/v2\/posts"}],"about":[{"href":"https:\/\/www.fuldaernachrichten.de\/index.php?rest_route=\/wp\/v2\/types\/post"}],"author":[{"embeddable":true,"href":"https:\/\/www.fuldaernachrichten.de\/index.php?rest_route=\/wp\/v2\/users\/1"}],"replies":[{"embeddable":true,"href":"https:\/\/www.fuldaernachrichten.de\/index.php?rest_route=%2Fwp%2Fv2%2Fcomments&post=157420"}],"version-history":[{"count":1,"href":"https:\/\/www.fuldaernachrichten.de\/index.php?rest_route=\/wp\/v2\/posts\/157420\/revisions"}],"predecessor-version":[{"id":157426,"href":"https:\/\/www.fuldaernachrichten.de\/index.php?rest_route=\/wp\/v2\/posts\/157420\/revisions\/157426"}],"wp:featuredmedia":[{"embeddable":true,"href":"https:\/\/www.fuldaernachrichten.de\/index.php?rest_route=\/wp\/v2\/media\/157424"}],"wp:attachment":[{"href":"https:\/\/www.fuldaernachrichten.de\/index.php?rest_route=%2Fwp%2Fv2%2Fmedia&parent=157420"}],"wp:term":[{"taxonomy":"category","embeddable":true,"href":"https:\/\/www.fuldaernachrichten.de\/index.php?rest_route=%2Fwp%2Fv2%2Fcategories&post=157420"},{"taxonomy":"post_tag","embeddable":true,"href":"https:\/\/www.fuldaernachrichten.de\/index.php?rest_route=%2Fwp%2Fv2%2Ftags&post=157420"}],"curies":[{"name":"wp","href":"https:\/\/api.w.org\/{rel}","templated":true}]}}