{"id":157403,"date":"2016-11-22T22:42:14","date_gmt":"2016-11-22T21:42:14","guid":{"rendered":"http:\/\/www.fuldaer-nachrichten.de\/?p=157403"},"modified":"2016-11-22T22:42:14","modified_gmt":"2016-11-22T21:42:14","slug":"bdkj-fulda-setzt-sich-fuer-offenheit-gegenueber-sexueller-vielfalt-ein","status":"publish","type":"post","link":"https:\/\/www.fuldaernachrichten.de\/?p=157403","title":{"rendered":"BDKJ Fulda setzt sich f\u00fcr Offenheit gegen\u00fcber sexueller Vielfalt ein"},"content":{"rendered":"<p>Am 30.Oktober 2016 fand die sogenannte \u201eDemo f\u00fcr Alle\u201c in Wiesbaden statt. Dort demonstrierten vor allem Eltern gegen die \u00c4nderungen im Lehrplan zur Sexualerziehung. Dieser sieht unter anderem vor, dass Sch\u00fcler*innen in der Schule lernen, was sexuelle Vielfalt bedeutet. Dies schlie\u00dft unterschiedliche Familienformen ebenso ein wie die verschiedenen geschlechtlichen Identit\u00e4ten und das Recht darauf, eine eigene geschlechtliche Identit\u00e4t zu entwickeln. Bischof Heinz Josef Algermissen gab den an der \u201eDemo f\u00fcr Alle\u201c Teilnehmenden aus der Region Fulda seinen Segen und sprach sich damit nach unserer Wahrnehmung gegen die Akzeptanz von sexueller Vielfalt aus.<\/p>\n<p>Dazu bezieht der Vorstand des BDKJ Fulda im folgenden Stellung:<br \/>\nIm Bund der Deutschen Katholischen Jugend (BDKJ) ist jeder Mensch wertvoll und wird wertgesch\u00e4tzt. Dabei spielt seine sexuelle Orientierung genauso wenig eine Rolle wie seine Herkunft oder Kultur. F\u00fcr uns gibt es nicht nur \u201edie eine Normalit\u00e4t\u201c, da wir im Dachverband unterschiedliche Lebensformen respektiert und anerkennen.<\/p>\n<p>Jeder Mensch wird durch seine biologischen Eigenschaften und soziokulturellen Gegebenheiten gepr\u00e4gt. Der Mensch ist somit vielf\u00e4ltig und jede*r wird von Gott so angenommen wie er*sie ist. Aus diesem Grund respektieren wir jeden Menschen wie er*sie ist. Es ist an der Zeit anzuerkennen, dass Menschen vielf\u00e4ltige Lebensformen w\u00e4hlen und dass diese unsere Gesellschaft, unseren Dachverband sowie seine Mitgliedsverb\u00e4nde mitgestalten und wir distanzieren uns ausdr\u00fccklich von jeglicher Form der Diskriminierung.<\/p>\n<p>Sexualit\u00e4t ist eine gute Gabe Gottes. Sexualit\u00e4t ist vielf\u00e4ltig. F\u00fcr uns ist es selbstverst\u00e4ndlich, dass auch homo-, bi- und transsexuelle junge Menschen eingeladen sind, mit Unterst\u00fctzung christlicher und ethischer Orientierung ihre Sexualit\u00e4t zu entwickeln und zu leben. Da jeder Mensch gottgewollt ist, sollte jede*r dieselbe Anerkennung, Wertsch\u00e4tzung und Liebe erfahren, ganz egal, welche sexuelle Orientierung er*sie besitzt. Wir als Kinder- und Jugendverb\u00e4nde bieten R\u00e4ume, in denen sich Jugendliche vorbehaltlos entwickeln und eigenverantwortlich Entscheidungen treffen k\u00f6nnen. Deswegen erwarten wir auch von der Kirche, dass sie Beziehungen von jungen Menschen akzeptiert und als wertvoll f\u00fcr deren pers\u00f6nliche Entwicklung anerkennt.<br \/>\nIm BDKJ vereinen sich Menschen mit verschiedensten kulturellen und religi\u00f6sen Hintergr\u00fcnden, vielf\u00e4ltigsten Begabungen und unterschiedlichster sexueller Orientierung. F\u00fcr diese Offenheit machen wir uns stark und stehen daf\u00fcr ein.<\/p>\n","protected":false},"excerpt":{"rendered":"<div class=\"tmnf_excerpt\"><p>Am 30.Oktober 2016 fand die sogenannte \u201eDemo f\u00fcr Alle\u201c in Wiesbaden statt. Dort demonstrierten vor allem Eltern gegen die \u00c4nderungen im Lehrplan zur Sexualerziehung. Dieser sieht unter anderem vor, dass Sch\u00fcler*innen in der Schule lernen, was sexuelle Vielfalt bedeutet. Dies schlie\u00dft unterschiedliche Familienformen ebenso ein wie die verschiedenen geschlechtlichen Identit\u00e4ten und das Recht darauf, eine &hellip;<\/p>\n<\/div>","protected":false},"author":1,"featured_media":0,"comment_status":"closed","ping_status":"closed","sticky":false,"template":"","format":"standard","meta":{"footnotes":""},"categories":[1],"tags":[],"class_list":["post-157403","post","type-post","status-publish","format-standard","hentry","category-startseite"],"_links":{"self":[{"href":"https:\/\/www.fuldaernachrichten.de\/index.php?rest_route=\/wp\/v2\/posts\/157403","targetHints":{"allow":["GET"]}}],"collection":[{"href":"https:\/\/www.fuldaernachrichten.de\/index.php?rest_route=\/wp\/v2\/posts"}],"about":[{"href":"https:\/\/www.fuldaernachrichten.de\/index.php?rest_route=\/wp\/v2\/types\/post"}],"author":[{"embeddable":true,"href":"https:\/\/www.fuldaernachrichten.de\/index.php?rest_route=\/wp\/v2\/users\/1"}],"replies":[{"embeddable":true,"href":"https:\/\/www.fuldaernachrichten.de\/index.php?rest_route=%2Fwp%2Fv2%2Fcomments&post=157403"}],"version-history":[{"count":1,"href":"https:\/\/www.fuldaernachrichten.de\/index.php?rest_route=\/wp\/v2\/posts\/157403\/revisions"}],"predecessor-version":[{"id":157412,"href":"https:\/\/www.fuldaernachrichten.de\/index.php?rest_route=\/wp\/v2\/posts\/157403\/revisions\/157412"}],"wp:attachment":[{"href":"https:\/\/www.fuldaernachrichten.de\/index.php?rest_route=%2Fwp%2Fv2%2Fmedia&parent=157403"}],"wp:term":[{"taxonomy":"category","embeddable":true,"href":"https:\/\/www.fuldaernachrichten.de\/index.php?rest_route=%2Fwp%2Fv2%2Fcategories&post=157403"},{"taxonomy":"post_tag","embeddable":true,"href":"https:\/\/www.fuldaernachrichten.de\/index.php?rest_route=%2Fwp%2Fv2%2Ftags&post=157403"}],"curies":[{"name":"wp","href":"https:\/\/api.w.org\/{rel}","templated":true}]}}