{"id":157402,"date":"2016-11-22T22:41:07","date_gmt":"2016-11-22T21:41:07","guid":{"rendered":"http:\/\/www.fuldaer-nachrichten.de\/?p=157402"},"modified":"2016-11-22T22:41:07","modified_gmt":"2016-11-22T21:41:07","slug":"gaalbernpokal-im-hallenbad","status":"publish","type":"post","link":"https:\/\/www.fuldaernachrichten.de\/?p=157402","title":{"rendered":"Gaalbernpokal im Hallenbad"},"content":{"rendered":"<p>Der Schwimmsportverein H\u00fcnfeld richtet am Samstag, 26. November, im H\u00fcnfelder Hallenbad seinen traditionellen Gaalbernpokal aus. Dazu werden Teams aus ganz Nordhessen und Fulda erwartet. F\u00fcr den allgemeinen Badebetrieb steht das Hallenbad deshalb an diesem Tag nicht zur Verf\u00fcgung, teilen die Stadtwerke H\u00fcnfeld mit. Allerdings sind Zuschauer, die die Schwimmer vom Beckenrand aus anfeuern, willkommen. Die Wettk\u00e4mpfe werden den ganzen Tag bis zum sp\u00e4ten Nachmittag andauern. Auch f\u00fcr das leibliche Wohl der Zuschauer ist gesorgt.<\/p>\n","protected":false},"excerpt":{"rendered":"<div class=\"tmnf_excerpt\"><p>Der Schwimmsportverein H\u00fcnfeld richtet am Samstag, 26. November, im H\u00fcnfelder Hallenbad seinen traditionellen Gaalbernpokal aus. Dazu werden Teams aus ganz Nordhessen und Fulda erwartet. F\u00fcr den allgemeinen Badebetrieb steht das Hallenbad deshalb an diesem Tag nicht zur Verf\u00fcgung, teilen die Stadtwerke H\u00fcnfeld mit. Allerdings sind Zuschauer, die die Schwimmer vom Beckenrand aus anfeuern, willkommen. Die &hellip;<\/p>\n<\/div>","protected":false},"author":1,"featured_media":0,"comment_status":"closed","ping_status":"closed","sticky":false,"template":"","format":"standard","meta":{"footnotes":""},"categories":[1],"tags":[],"class_list":["post-157402","post","type-post","status-publish","format-standard","hentry","category-startseite"],"_links":{"self":[{"href":"https:\/\/www.fuldaernachrichten.de\/index.php?rest_route=\/wp\/v2\/posts\/157402","targetHints":{"allow":["GET"]}}],"collection":[{"href":"https:\/\/www.fuldaernachrichten.de\/index.php?rest_route=\/wp\/v2\/posts"}],"about":[{"href":"https:\/\/www.fuldaernachrichten.de\/index.php?rest_route=\/wp\/v2\/types\/post"}],"author":[{"embeddable":true,"href":"https:\/\/www.fuldaernachrichten.de\/index.php?rest_route=\/wp\/v2\/users\/1"}],"replies":[{"embeddable":true,"href":"https:\/\/www.fuldaernachrichten.de\/index.php?rest_route=%2Fwp%2Fv2%2Fcomments&post=157402"}],"version-history":[{"count":1,"href":"https:\/\/www.fuldaernachrichten.de\/index.php?rest_route=\/wp\/v2\/posts\/157402\/revisions"}],"predecessor-version":[{"id":157408,"href":"https:\/\/www.fuldaernachrichten.de\/index.php?rest_route=\/wp\/v2\/posts\/157402\/revisions\/157408"}],"wp:attachment":[{"href":"https:\/\/www.fuldaernachrichten.de\/index.php?rest_route=%2Fwp%2Fv2%2Fmedia&parent=157402"}],"wp:term":[{"taxonomy":"category","embeddable":true,"href":"https:\/\/www.fuldaernachrichten.de\/index.php?rest_route=%2Fwp%2Fv2%2Fcategories&post=157402"},{"taxonomy":"post_tag","embeddable":true,"href":"https:\/\/www.fuldaernachrichten.de\/index.php?rest_route=%2Fwp%2Fv2%2Ftags&post=157402"}],"curies":[{"name":"wp","href":"https:\/\/api.w.org\/{rel}","templated":true}]}}