{"id":157342,"date":"2016-11-21T20:29:35","date_gmt":"2016-11-21T19:29:35","guid":{"rendered":"http:\/\/www.fuldaer-nachrichten.de\/?p=157342"},"modified":"2016-11-21T20:29:35","modified_gmt":"2016-11-21T19:29:35","slug":"arbeitsgemeinschaft-sozialdemokratischer-frauen-asf-fulda","status":"publish","type":"post","link":"https:\/\/www.fuldaernachrichten.de\/?p=157342","title":{"rendered":"Arbeitsgemeinschaft sozialdemokratischer Frauen (AsF) Fulda"},"content":{"rendered":"<p>Die AsF Fulda hat im November 2016 einen neuen Vorstand gew\u00e4hlt. Monika Oertel vom SPD-Ortsverein Fulda S\u00fcd-West f\u00fchrt jetzt die AsF und \u00fcbernimmt die Gesch\u00e4fte von Birgit K\u00f6mpel MdB. Der reibungslose \u00dcbergang wird von der Versammlung honoriert, der alte Vorstand wurde einstimmig entlastet und Sabine Waschke (MdL) die Vorsitzende des SPD Unterbezirks dankt Birgit K\u00f6mpel f\u00fcr die geleistete Arbeit.<\/p>\n<p>Bild v. Links: Birgit K\u00f6mpel (MdB) Beisitzerin, Elke Hohmann stellv. Vorsitzende,\u00c2\u00a0 Monika Oertel Vorsitzende, Schriftf\u00fchrerin Amelie Krain Schriftf\u00fchrerin, Sabine Waschke MdL Unterbezirksvorsitzende.\u00e2\u20ac\u00a8Auf dem Bild fehlen: stellv. Vorsitzende Lena Kaiser, Beisitzerinnen, Beate Fischer und Elena Hahn.<\/p>\n<p>In ihrer Antrittsrede geht Monika auf den sich vollziehenden Wandel in unserer Gesellschaft ein. Populismus, ein Abr\u00fccken von der Europ\u00e4ischen Union und die technische Entwicklung (Stichwort Industrie 4.0), wird auch die Frauen in unserem Land treffen, so die Vorsitzende Monika Oertel. Diesen Wandel wollen Frauen der SPD Fulda aktiv begleiten und gestalten. Frauen die formulieren wie und unter welchen Rahmenbedingungen sie in Zukunft leben wollen, k\u00f6nnen diesen Wandel gestalten. Dazu wird die AsF Fulda im Jahr 2017 mindestens 4mal einen \u00f6ffentlichen politischen Salon durchf\u00fchren. Das Konzept f\u00fcr Fulda hat Amelie Krain entwickelt. Hier sind alle interessierten Frauen bereits heute recht herzlich eingeladen. Die Geschichte hat uns bereits gezeigt, wie Erfolgreich der politische Salon war. Im 18. Jahrhundert gab es in Frankreich eine Vielzahl von Salons, die, von Frauen gef\u00fchrt, das politische und gesellschaftliche Geschehen ma\u00dfgeblich beeinflusst haben. Dieses ist auch heute m\u00f6glich, wir m\u00fcssen es nur tun. Dabei ist unser Motto, \u201eGestalten und nicht nur nachvollziehen\u201c, nur so k\u00f6nnen wir unsere Anforderungen auch in der Zukunft noch sicher stellen und Ideen verwirklichen.<\/p>\n","protected":false},"excerpt":{"rendered":"<div class=\"tmnf_excerpt\"><p>Die AsF Fulda hat im November 2016 einen neuen Vorstand gew\u00e4hlt. Monika Oertel vom SPD-Ortsverein Fulda S\u00fcd-West f\u00fchrt jetzt die AsF und \u00fcbernimmt die Gesch\u00e4fte von Birgit K\u00f6mpel MdB. Der reibungslose \u00dcbergang wird von der Versammlung honoriert, der alte Vorstand wurde einstimmig entlastet und Sabine Waschke (MdL) die Vorsitzende des SPD Unterbezirks dankt Birgit K\u00f6mpel &hellip;<\/p>\n<\/div>","protected":false},"author":1,"featured_media":157346,"comment_status":"closed","ping_status":"closed","sticky":false,"template":"","format":"standard","meta":{"footnotes":""},"categories":[1],"tags":[],"class_list":["post-157342","post","type-post","status-publish","format-standard","has-post-thumbnail","hentry","category-startseite"],"_links":{"self":[{"href":"https:\/\/www.fuldaernachrichten.de\/index.php?rest_route=\/wp\/v2\/posts\/157342","targetHints":{"allow":["GET"]}}],"collection":[{"href":"https:\/\/www.fuldaernachrichten.de\/index.php?rest_route=\/wp\/v2\/posts"}],"about":[{"href":"https:\/\/www.fuldaernachrichten.de\/index.php?rest_route=\/wp\/v2\/types\/post"}],"author":[{"embeddable":true,"href":"https:\/\/www.fuldaernachrichten.de\/index.php?rest_route=\/wp\/v2\/users\/1"}],"replies":[{"embeddable":true,"href":"https:\/\/www.fuldaernachrichten.de\/index.php?rest_route=%2Fwp%2Fv2%2Fcomments&post=157342"}],"version-history":[{"count":1,"href":"https:\/\/www.fuldaernachrichten.de\/index.php?rest_route=\/wp\/v2\/posts\/157342\/revisions"}],"predecessor-version":[{"id":157347,"href":"https:\/\/www.fuldaernachrichten.de\/index.php?rest_route=\/wp\/v2\/posts\/157342\/revisions\/157347"}],"wp:featuredmedia":[{"embeddable":true,"href":"https:\/\/www.fuldaernachrichten.de\/index.php?rest_route=\/wp\/v2\/media\/157346"}],"wp:attachment":[{"href":"https:\/\/www.fuldaernachrichten.de\/index.php?rest_route=%2Fwp%2Fv2%2Fmedia&parent=157342"}],"wp:term":[{"taxonomy":"category","embeddable":true,"href":"https:\/\/www.fuldaernachrichten.de\/index.php?rest_route=%2Fwp%2Fv2%2Fcategories&post=157342"},{"taxonomy":"post_tag","embeddable":true,"href":"https:\/\/www.fuldaernachrichten.de\/index.php?rest_route=%2Fwp%2Fv2%2Ftags&post=157342"}],"curies":[{"name":"wp","href":"https:\/\/api.w.org\/{rel}","templated":true}]}}