{"id":157321,"date":"2016-11-21T20:23:59","date_gmt":"2016-11-21T19:23:59","guid":{"rendered":"http:\/\/www.fuldaer-nachrichten.de\/?p=157321"},"modified":"2016-11-21T20:23:59","modified_gmt":"2016-11-21T19:23:59","slug":"landrat-goerig-gratuliert-nicole-hahn-und-ulrike-pietsch-25-jahre-im-oeffentlichen-dienst","status":"publish","type":"post","link":"https:\/\/www.fuldaernachrichten.de\/?p=157321","title":{"rendered":"Landrat G\u00f6rig gratuliert Nicole Hahn und Ulrike Pietsch \u2013 25 Jahre im \u00f6ffentlichen Dienst"},"content":{"rendered":"<p>\u201eDie Bew\u00e4ltigung von komplexen Aufgaben geh\u00f6ren zum Tagesgesch\u00e4ft beider Jubilarinnen.\u201c Das sagte Landrat Manfred G\u00f6rig, als er Ulrike Pietsch und Nicole Hahn zum 25-j\u00e4hrigen Dienstjubil\u00e4um gratulierte und ihnen dankte. Ihre T\u00e4tigkeitsfelder im Amt f\u00fcr Soziale Sicherheit bzw. im Amt f\u00fcr Aufsichts- und Ordnungsangelegenheiten erforderten ein H\u00f6chstma\u00df an Faktenwissen und Sensibilit\u00e4t f\u00fcr den jeweils einzelnen Fall, waren sich Ren\u00e9 Lippert und Siegfried Simon einig. Alle dankten f\u00fcr Gewissenhaftigkeit, Flei\u00df und Anpassungsbereitschaft. Dem Dank und den guten W\u00fcnschen schlossen sich Conny Hentz-D\u00f6ring, Stephan Schneeberger, Ulrich Sch\u00e4fer, Hans-J\u00fcrgen R\u00f6hr und Albrecht Schrimpf an.<\/p>\n<p>Ulrike Pietsch aus Herbstein ging nach ihrer Ausbildung zur Industriekauffrau bei der Firma Heissner 1991 zur Sparkasse Vogelsbergkreis und bildete sich dort zur Sparkassenkauffrau und Sparkassenfachwirtin fort. Seit Beginn der \u201eOptionskommune\u201c im Jahr 2005, geh\u00f6rt Frau Pietsch zum Team der Kommunalen Vermittlungsagentur (KVA). Option bedeutet: der Landkreis ist selbst zust\u00e4ndig f\u00fcr die Vermittlung und Beratung von Menschen aus dem Bereich SGB II (Hartz IV). Frau Pietsch geh\u00f6rt, so der stellvertretende Amtsleiter Ren\u00e9 Lippert, zu den Leistungsfallmanagerinnen \u201eder ersten Stunde\u201c. Lippert lobte vor allem den Elan, die Begeisterungsf\u00e4higkeit, die Flexibilit\u00e4t und die Hilfsbereitschaft seiner Mitarbeiterin.<\/p>\n<p>Nicole Hahn aus Schrecksbach hat 1991 ihre Ausbildung beim Regierungspr\u00e4sidium Gie\u00dfen begonnen. 1994 wechselte sie in die damalige Hauptabteilung Allgemeine Landesverwaltung im Landratsamt Lauterbach. Dort und im jetzigen Amt f\u00fcr Aufsichts- und Ordnungsangelegenheiten ist sie \u00fcberwiegend im Sachgebiet Ausl\u00e4nderbeh\u00f6rde t\u00e4tig gewesen. Hohe Fachkenntnisse zum Beispiel im Europarecht, im Aufenthaltsrecht sowie hervorragende Serviceorientierung zeichnen die Mitarbeiterin des Kreisordnungsamts aus, so Amtsleiter Siegfried Simon und Sachgebietsleiter Albrecht Schrimpf. \u201eWegen der laufenden \u00c4nderungen des Ausl\u00e4nderrechts ist eine st\u00e4ndige Aktualisierung des Wissens erforderlich, um jedem einzelnen Fall gerecht werden zu k\u00f6nnen\u201c, betonte Simon.<\/p>\n","protected":false},"excerpt":{"rendered":"<div class=\"tmnf_excerpt\"><p>\u201eDie Bew\u00e4ltigung von komplexen Aufgaben geh\u00f6ren zum Tagesgesch\u00e4ft beider Jubilarinnen.\u201c Das sagte Landrat Manfred G\u00f6rig, als er Ulrike Pietsch und Nicole Hahn zum 25-j\u00e4hrigen Dienstjubil\u00e4um gratulierte und ihnen dankte. Ihre T\u00e4tigkeitsfelder im Amt f\u00fcr Soziale Sicherheit bzw. im Amt f\u00fcr Aufsichts- und Ordnungsangelegenheiten erforderten ein H\u00f6chstma\u00df an Faktenwissen und Sensibilit\u00e4t f\u00fcr den jeweils einzelnen Fall, &hellip;<\/p>\n<\/div>","protected":false},"author":1,"featured_media":0,"comment_status":"closed","ping_status":"closed","sticky":false,"template":"","format":"standard","meta":{"footnotes":""},"categories":[1],"tags":[],"class_list":["post-157321","post","type-post","status-publish","format-standard","hentry","category-startseite"],"_links":{"self":[{"href":"https:\/\/www.fuldaernachrichten.de\/index.php?rest_route=\/wp\/v2\/posts\/157321","targetHints":{"allow":["GET"]}}],"collection":[{"href":"https:\/\/www.fuldaernachrichten.de\/index.php?rest_route=\/wp\/v2\/posts"}],"about":[{"href":"https:\/\/www.fuldaernachrichten.de\/index.php?rest_route=\/wp\/v2\/types\/post"}],"author":[{"embeddable":true,"href":"https:\/\/www.fuldaernachrichten.de\/index.php?rest_route=\/wp\/v2\/users\/1"}],"replies":[{"embeddable":true,"href":"https:\/\/www.fuldaernachrichten.de\/index.php?rest_route=%2Fwp%2Fv2%2Fcomments&post=157321"}],"version-history":[{"count":1,"href":"https:\/\/www.fuldaernachrichten.de\/index.php?rest_route=\/wp\/v2\/posts\/157321\/revisions"}],"predecessor-version":[{"id":157327,"href":"https:\/\/www.fuldaernachrichten.de\/index.php?rest_route=\/wp\/v2\/posts\/157321\/revisions\/157327"}],"wp:attachment":[{"href":"https:\/\/www.fuldaernachrichten.de\/index.php?rest_route=%2Fwp%2Fv2%2Fmedia&parent=157321"}],"wp:term":[{"taxonomy":"category","embeddable":true,"href":"https:\/\/www.fuldaernachrichten.de\/index.php?rest_route=%2Fwp%2Fv2%2Fcategories&post=157321"},{"taxonomy":"post_tag","embeddable":true,"href":"https:\/\/www.fuldaernachrichten.de\/index.php?rest_route=%2Fwp%2Fv2%2Ftags&post=157321"}],"curies":[{"name":"wp","href":"https:\/\/api.w.org\/{rel}","templated":true}]}}