{"id":157314,"date":"2016-11-21T20:22:13","date_gmt":"2016-11-21T19:22:13","guid":{"rendered":"http:\/\/www.fuldaer-nachrichten.de\/?p=157314"},"modified":"2016-11-21T20:22:13","modified_gmt":"2016-11-21T19:22:13","slug":"fuldaer-geschichtsverein-laedt-ein-vortrag-zur-pariser-handschrift","status":"publish","type":"post","link":"https:\/\/www.fuldaernachrichten.de\/?p=157314","title":{"rendered":"Fuldaer Geschichtsverein l\u00e4dt ein &#8211; Vortrag zur Pariser Handschrift"},"content":{"rendered":"<p>Der Fuldaer Geschichtsverein l\u00e4dt zu seinem n\u00e4chsten Vortrag ein. Am kommenden Donnerstag, 24. November, wird Prof. Dr. Philippe Depreux \u00fcber die Pariser Handschrift referieren. Die Veranstaltung beginnt um 19.30 Uhr und findet im Auditorium Maximum der Theologischen Fakult\u00e4t, Eduard-Schick-Platz 1 in Fulda statt.<\/p>\n<p>Zu den Inhalten des Vortrages \u201eEine karolingische Handschrift aus Fulda mit zwei Briefen des Hrabanus Maurus (De chorepiscopis, De honore parentum)\u201c informiert der Geschichtsverein:<\/p>\n<p>Die Pariser Handschrift lat. 2443, die zu Lebzeiten des Hrabanus Maurus m\u00f6glicherweise in Mainz angefertigt wurde und eine Fuldaer Signatur tr\u00e4gt, enth\u00e4lt zwei Werke des Abtes von Fulda. Das erste Schreiben ist eine Stellungnahme zu den Chorbisch\u00f6fen (eine Art von Weihbisch\u00f6fen, deren Amt damals umstritten war). Danach folgt ein nur in diesem Manuskript \u00fcberlieferter Brief an Ludwig den Frommen, in dem Hraban den Kaiser in Hinsicht auf die Befriedung der politischen Lage in einer Zeit gro\u00dfer Anspannungen ber\u00e4t. Mit welcher Absicht wurde diese Handschrift geschrieben? Nach einer Vorstellung der Protagonisten soll die Argumentation Hrabans analysiert und der Bedeutung seiner Botschaft f\u00fcr seine Zeitgenossen um die Mitte des 9. Jahrhunderts nachgegangen werden.<\/p>\n<p>Der Veranstalter l\u00e4dt alle Interessierten, auch Nicht-Mitglieder des Fuldaer Geschichtsvereins, ein.<\/p>\n","protected":false},"excerpt":{"rendered":"<div class=\"tmnf_excerpt\"><p>Der Fuldaer Geschichtsverein l\u00e4dt zu seinem n\u00e4chsten Vortrag ein. Am kommenden Donnerstag, 24. November, wird Prof. Dr. Philippe Depreux \u00fcber die Pariser Handschrift referieren. Die Veranstaltung beginnt um 19.30 Uhr und findet im Auditorium Maximum der Theologischen Fakult\u00e4t, Eduard-Schick-Platz 1 in Fulda statt. Zu den Inhalten des Vortrages \u201eEine karolingische Handschrift aus Fulda mit zwei &hellip;<\/p>\n<\/div>","protected":false},"author":1,"featured_media":0,"comment_status":"closed","ping_status":"closed","sticky":false,"template":"","format":"standard","meta":{"footnotes":""},"categories":[1],"tags":[],"class_list":["post-157314","post","type-post","status-publish","format-standard","hentry","category-startseite"],"_links":{"self":[{"href":"https:\/\/www.fuldaernachrichten.de\/index.php?rest_route=\/wp\/v2\/posts\/157314","targetHints":{"allow":["GET"]}}],"collection":[{"href":"https:\/\/www.fuldaernachrichten.de\/index.php?rest_route=\/wp\/v2\/posts"}],"about":[{"href":"https:\/\/www.fuldaernachrichten.de\/index.php?rest_route=\/wp\/v2\/types\/post"}],"author":[{"embeddable":true,"href":"https:\/\/www.fuldaernachrichten.de\/index.php?rest_route=\/wp\/v2\/users\/1"}],"replies":[{"embeddable":true,"href":"https:\/\/www.fuldaernachrichten.de\/index.php?rest_route=%2Fwp%2Fv2%2Fcomments&post=157314"}],"version-history":[{"count":1,"href":"https:\/\/www.fuldaernachrichten.de\/index.php?rest_route=\/wp\/v2\/posts\/157314\/revisions"}],"predecessor-version":[{"id":157318,"href":"https:\/\/www.fuldaernachrichten.de\/index.php?rest_route=\/wp\/v2\/posts\/157314\/revisions\/157318"}],"wp:attachment":[{"href":"https:\/\/www.fuldaernachrichten.de\/index.php?rest_route=%2Fwp%2Fv2%2Fmedia&parent=157314"}],"wp:term":[{"taxonomy":"category","embeddable":true,"href":"https:\/\/www.fuldaernachrichten.de\/index.php?rest_route=%2Fwp%2Fv2%2Fcategories&post=157314"},{"taxonomy":"post_tag","embeddable":true,"href":"https:\/\/www.fuldaernachrichten.de\/index.php?rest_route=%2Fwp%2Fv2%2Ftags&post=157314"}],"curies":[{"name":"wp","href":"https:\/\/api.w.org\/{rel}","templated":true}]}}