{"id":157299,"date":"2016-11-21T20:20:31","date_gmt":"2016-11-21T19:20:31","guid":{"rendered":"http:\/\/www.fuldaer-nachrichten.de\/?p=157299"},"modified":"2016-11-21T20:20:31","modified_gmt":"2016-11-21T19:20:31","slug":"freiwillige-feuerwehr-fulda-nord-freut-sich-%e2%80%a8ueber-neue-poloshirts","status":"publish","type":"post","link":"https:\/\/www.fuldaernachrichten.de\/?p=157299","title":{"rendered":"Freiwillige Feuerwehr Fulda Nord freut sich \u00e2\u20ac\u00a8\u00fcber neue Poloshirts"},"content":{"rendered":"<p>Durch ein hohes Ma\u00df an Einsatz- und Ausbildungsdiensten bei der Feuerwehr Fulda-Nord besteht ein konstanter Bedarf an Einsatz- und Ausbildungsmaterialien. Deshalb freuten sich die Einsatzkr\u00e4fte ganz besonders \u00fcber die gro\u00dfz\u00fcgige Spende von 70 Polo-Shirts mit dem Logo der Feuerwehr Fulda-Nord durch die Firma WEMAG A. Ruland GmbH &amp; Co.KG.<\/p>\n<p>Drei aktive Feuerwehrleute sind bei der Firma WEMAG besch\u00e4ftigt und werden zu jedem Einsatz- oder Ausbildungsdienst von der Arbeit freigestellt \u2013 ein wichtiger Beitrag daf\u00fcr, dass die freiwilligen Feuerwehrmitglieder zu jeder Tageszeit f\u00fcr ihren Dienst an der Allgemeinheit zu Verf\u00fcgung stehen k\u00f6nnen.<\/p>\n<p>Bei der \u00dcbergabe der Poloshirts luden die Gesch\u00e4ftsf\u00fchrer der Firma WEMAG, Herr Joachim Schaus und sein Sohn Christopher Schaus, die gesamte Einsatzabteilung der Feuerwehr Fulda-Nord als Dankesch\u00f6n f\u00fcr den gemeinn\u00fctzigen Dienst auf die vom 25. bis 27. November stattfindende Werkzeug- und Maschinenmesse in der Esperantohalle in Fulda ein.<\/p>\n","protected":false},"excerpt":{"rendered":"<div class=\"tmnf_excerpt\"><p>Durch ein hohes Ma\u00df an Einsatz- und Ausbildungsdiensten bei der Feuerwehr Fulda-Nord besteht ein konstanter Bedarf an Einsatz- und Ausbildungsmaterialien. Deshalb freuten sich die Einsatzkr\u00e4fte ganz besonders \u00fcber die gro\u00dfz\u00fcgige Spende von 70 Polo-Shirts mit dem Logo der Feuerwehr Fulda-Nord durch die Firma WEMAG A. Ruland GmbH &amp; Co.KG. Drei aktive Feuerwehrleute sind bei der &hellip;<\/p>\n<\/div>","protected":false},"author":1,"featured_media":157306,"comment_status":"closed","ping_status":"closed","sticky":false,"template":"","format":"standard","meta":{"footnotes":""},"categories":[1],"tags":[],"class_list":["post-157299","post","type-post","status-publish","format-standard","has-post-thumbnail","hentry","category-startseite"],"_links":{"self":[{"href":"https:\/\/www.fuldaernachrichten.de\/index.php?rest_route=\/wp\/v2\/posts\/157299","targetHints":{"allow":["GET"]}}],"collection":[{"href":"https:\/\/www.fuldaernachrichten.de\/index.php?rest_route=\/wp\/v2\/posts"}],"about":[{"href":"https:\/\/www.fuldaernachrichten.de\/index.php?rest_route=\/wp\/v2\/types\/post"}],"author":[{"embeddable":true,"href":"https:\/\/www.fuldaernachrichten.de\/index.php?rest_route=\/wp\/v2\/users\/1"}],"replies":[{"embeddable":true,"href":"https:\/\/www.fuldaernachrichten.de\/index.php?rest_route=%2Fwp%2Fv2%2Fcomments&post=157299"}],"version-history":[{"count":1,"href":"https:\/\/www.fuldaernachrichten.de\/index.php?rest_route=\/wp\/v2\/posts\/157299\/revisions"}],"predecessor-version":[{"id":157307,"href":"https:\/\/www.fuldaernachrichten.de\/index.php?rest_route=\/wp\/v2\/posts\/157299\/revisions\/157307"}],"wp:featuredmedia":[{"embeddable":true,"href":"https:\/\/www.fuldaernachrichten.de\/index.php?rest_route=\/wp\/v2\/media\/157306"}],"wp:attachment":[{"href":"https:\/\/www.fuldaernachrichten.de\/index.php?rest_route=%2Fwp%2Fv2%2Fmedia&parent=157299"}],"wp:term":[{"taxonomy":"category","embeddable":true,"href":"https:\/\/www.fuldaernachrichten.de\/index.php?rest_route=%2Fwp%2Fv2%2Fcategories&post=157299"},{"taxonomy":"post_tag","embeddable":true,"href":"https:\/\/www.fuldaernachrichten.de\/index.php?rest_route=%2Fwp%2Fv2%2Ftags&post=157299"}],"curies":[{"name":"wp","href":"https:\/\/api.w.org\/{rel}","templated":true}]}}