{"id":157298,"date":"2016-11-21T20:20:35","date_gmt":"2016-11-21T19:20:35","guid":{"rendered":"http:\/\/www.fuldaer-nachrichten.de\/?p=157298"},"modified":"2016-11-21T20:20:35","modified_gmt":"2016-11-21T19:20:35","slug":"mit-betriebsbesichtigung-hochstiftliches-brauhaus","status":"publish","type":"post","link":"https:\/\/www.fuldaernachrichten.de\/?p=157298","title":{"rendered":"MIT &#8211; Betriebsbesichtigung Hochstiftliches Brauhaus"},"content":{"rendered":"<p>Zum Jahresabschluss eines ereignisreichen Jahres hat der der MIT-Ortsverband Eichenzell mit G\u00e4sten aus befreundeten Ortsverb\u00e4nden, mitten im Herzen von Fulda, nur unweit von Dom, Altstadt, Paulustor und all den anderen Sehensw\u00fcrdigkeiten, eine weitere historische St\u00e4tte in Fulda, das Hochstiftliche Brauhaus als Ursprung des Fuldaer Bieres besucht.<\/p>\n<p>Mit 23 Personen waren wir dabei, wie es im Bierkeller zischt und im Glas prickelt. Wir konnten bei einer sehr sch\u00f6nen und interessanten Betriebsf\u00fchrung die durch den Verkaufsleiter der Hochstift Herrn Steffen Leib geleitet wurde, Informationen rund um eingesetzte Rohstoffe, den Brauprozess und Interessantes rund ums Bier hautnah und mit allen Sinnen erleben.<\/p>\n<p>Wir konnten erfahren das Bier nicht gleich Bier ist und das das Aroma des Bieres von vielen verschiedenen Faktoren abh\u00e4ngt. Die Auswahl der Rohstoffe ist dabei ebenso entscheidend wie die Art der verwendeten Hefe, die G\u00e4rf\u00fchrung und die Reifung bis hin zur Abf\u00fcllung.<\/p>\n<p>Seit 1848 wird im Brauhaus in Fulda Bier gebraut und es gibt in der Historie der Brauerei eine Verbindung zu Eichenzell. Einige unserer Mitglieder stammen aus dem sch\u00f6nen Ortsteil Eichenzell-L\u00f6schenrod und dort gab es ebenfalls eine kleine Brauerei.1906 fusionierten die Brauereien Fulda und L\u00f6schenrod zur Unionbrauerei Fulda, der heutigen Hochstift-Brauerei. Allein aus dieser Tradition heraus war es f\u00fcr alle Teilnehmer eine gro\u00dfe Freude an der F\u00fchrung teilzunehmen.<\/p>\n<p>Die F\u00fchrung endete in geselliger Runde auf dem historischen Malzboden, bei einer Bierprobe und mit einer\u00c2\u00a0 &#8220;bierigen Vesper&#8221; mit Bierknackern und Brezel.<\/p>\n","protected":false},"excerpt":{"rendered":"<div class=\"tmnf_excerpt\"><p>Zum Jahresabschluss eines ereignisreichen Jahres hat der der MIT-Ortsverband Eichenzell mit G\u00e4sten aus befreundeten Ortsverb\u00e4nden, mitten im Herzen von Fulda, nur unweit von Dom, Altstadt, Paulustor und all den anderen Sehensw\u00fcrdigkeiten, eine weitere historische St\u00e4tte in Fulda, das Hochstiftliche Brauhaus als Ursprung des Fuldaer Bieres besucht. Mit 23 Personen waren wir dabei, wie es im &hellip;<\/p>\n<\/div>","protected":false},"author":1,"featured_media":157305,"comment_status":"closed","ping_status":"closed","sticky":false,"template":"","format":"standard","meta":{"footnotes":""},"categories":[1],"tags":[],"class_list":["post-157298","post","type-post","status-publish","format-standard","has-post-thumbnail","hentry","category-startseite"],"_links":{"self":[{"href":"https:\/\/www.fuldaernachrichten.de\/index.php?rest_route=\/wp\/v2\/posts\/157298","targetHints":{"allow":["GET"]}}],"collection":[{"href":"https:\/\/www.fuldaernachrichten.de\/index.php?rest_route=\/wp\/v2\/posts"}],"about":[{"href":"https:\/\/www.fuldaernachrichten.de\/index.php?rest_route=\/wp\/v2\/types\/post"}],"author":[{"embeddable":true,"href":"https:\/\/www.fuldaernachrichten.de\/index.php?rest_route=\/wp\/v2\/users\/1"}],"replies":[{"embeddable":true,"href":"https:\/\/www.fuldaernachrichten.de\/index.php?rest_route=%2Fwp%2Fv2%2Fcomments&post=157298"}],"version-history":[{"count":1,"href":"https:\/\/www.fuldaernachrichten.de\/index.php?rest_route=\/wp\/v2\/posts\/157298\/revisions"}],"predecessor-version":[{"id":157308,"href":"https:\/\/www.fuldaernachrichten.de\/index.php?rest_route=\/wp\/v2\/posts\/157298\/revisions\/157308"}],"wp:featuredmedia":[{"embeddable":true,"href":"https:\/\/www.fuldaernachrichten.de\/index.php?rest_route=\/wp\/v2\/media\/157305"}],"wp:attachment":[{"href":"https:\/\/www.fuldaernachrichten.de\/index.php?rest_route=%2Fwp%2Fv2%2Fmedia&parent=157298"}],"wp:term":[{"taxonomy":"category","embeddable":true,"href":"https:\/\/www.fuldaernachrichten.de\/index.php?rest_route=%2Fwp%2Fv2%2Fcategories&post=157298"},{"taxonomy":"post_tag","embeddable":true,"href":"https:\/\/www.fuldaernachrichten.de\/index.php?rest_route=%2Fwp%2Fv2%2Ftags&post=157298"}],"curies":[{"name":"wp","href":"https:\/\/api.w.org\/{rel}","templated":true}]}}