{"id":157289,"date":"2016-11-20T11:34:56","date_gmt":"2016-11-20T10:34:56","guid":{"rendered":"http:\/\/www.fuldaer-nachrichten.de\/?p=157289"},"modified":"2016-11-20T11:34:56","modified_gmt":"2016-11-20T10:34:56","slug":"kulinarischer-abend-rund-ums-bio-rind","status":"publish","type":"post","link":"https:\/\/www.fuldaernachrichten.de\/?p=157289","title":{"rendered":"Kulinarischer Abend rund ums Bio-Rind"},"content":{"rendered":"<p>\u201eUnsere Heimat schmecken: \u00f6kologisch \u2013 regional \u2013 nachhaltig\u201c, unter diesem Motto steht die Bio-Rindfleischwoche im Landkreis Fulda. Die Auftaktveranstaltung findet am Donnerstag, 24. November, ab 19 Uhr auf dem Biolandbetrieb Hartmann in Flieden statt.<\/p>\n<p>Die Bio-Rindfleischwoche geht auf eine Idee des Arbeitskreises Gastronomie und Tourismus der \u00d6ko-Modellregion zur\u00fcck. Der Arbeitskreis will damit f\u00fcr Rindfleisch aus \u00f6kologischer Landwirtschaft werben. Derzeit gebe es im Landkreis Fulda rund 250 \u00d6ko-Betriebe, die zumeist sowohl Milchviehwirtschaft als auch Masttierhaltung betreiben.<\/p>\n<p>Bei der Auftaktveranstaltung auf dem Biolandbetrieb Hartmann in Flieden wird der Bio-Caterer \u201eBankett Sinnreich\u201c die G\u00e4ste mit kulinarischen K\u00f6stlichkeiten vom Bio-Rind versorgen. Dazu gibt es Informationen zur Rinderhaltung und praktische Tipps zur Verarbeitung. Wegen der begrenzten Platzzahl wird um Reservierung per Mail gebeten.<\/p>\n","protected":false},"excerpt":{"rendered":"<div class=\"tmnf_excerpt\"><p>\u201eUnsere Heimat schmecken: \u00f6kologisch \u2013 regional \u2013 nachhaltig\u201c, unter diesem Motto steht die Bio-Rindfleischwoche im Landkreis Fulda. Die Auftaktveranstaltung findet am Donnerstag, 24. November, ab 19 Uhr auf dem Biolandbetrieb Hartmann in Flieden statt. Die Bio-Rindfleischwoche geht auf eine Idee des Arbeitskreises Gastronomie und Tourismus der \u00d6ko-Modellregion zur\u00fcck. Der Arbeitskreis will damit f\u00fcr Rindfleisch aus &hellip;<\/p>\n<\/div>","protected":false},"author":1,"featured_media":0,"comment_status":"closed","ping_status":"closed","sticky":false,"template":"","format":"standard","meta":{"footnotes":""},"categories":[1],"tags":[],"class_list":["post-157289","post","type-post","status-publish","format-standard","hentry","category-startseite"],"_links":{"self":[{"href":"https:\/\/www.fuldaernachrichten.de\/index.php?rest_route=\/wp\/v2\/posts\/157289","targetHints":{"allow":["GET"]}}],"collection":[{"href":"https:\/\/www.fuldaernachrichten.de\/index.php?rest_route=\/wp\/v2\/posts"}],"about":[{"href":"https:\/\/www.fuldaernachrichten.de\/index.php?rest_route=\/wp\/v2\/types\/post"}],"author":[{"embeddable":true,"href":"https:\/\/www.fuldaernachrichten.de\/index.php?rest_route=\/wp\/v2\/users\/1"}],"replies":[{"embeddable":true,"href":"https:\/\/www.fuldaernachrichten.de\/index.php?rest_route=%2Fwp%2Fv2%2Fcomments&post=157289"}],"version-history":[{"count":1,"href":"https:\/\/www.fuldaernachrichten.de\/index.php?rest_route=\/wp\/v2\/posts\/157289\/revisions"}],"predecessor-version":[{"id":157295,"href":"https:\/\/www.fuldaernachrichten.de\/index.php?rest_route=\/wp\/v2\/posts\/157289\/revisions\/157295"}],"wp:attachment":[{"href":"https:\/\/www.fuldaernachrichten.de\/index.php?rest_route=%2Fwp%2Fv2%2Fmedia&parent=157289"}],"wp:term":[{"taxonomy":"category","embeddable":true,"href":"https:\/\/www.fuldaernachrichten.de\/index.php?rest_route=%2Fwp%2Fv2%2Fcategories&post=157289"},{"taxonomy":"post_tag","embeddable":true,"href":"https:\/\/www.fuldaernachrichten.de\/index.php?rest_route=%2Fwp%2Fv2%2Ftags&post=157289"}],"curies":[{"name":"wp","href":"https:\/\/api.w.org\/{rel}","templated":true}]}}