{"id":157281,"date":"2016-11-20T11:33:30","date_gmt":"2016-11-20T10:33:30","guid":{"rendered":"http:\/\/www.fuldaer-nachrichten.de\/?p=157281"},"modified":"2016-11-20T11:33:30","modified_gmt":"2016-11-20T10:33:30","slug":"mehr-als-nur-malerei-11-kunstspaziergang-in-landenhausen-gestartet","status":"publish","type":"post","link":"https:\/\/www.fuldaernachrichten.de\/?p=157281","title":{"rendered":"Mehr als nur Malerei &#8211; 11. Kunstspaziergang in Landenhausen gestartet"},"content":{"rendered":"<p>Dieses Wochenende sind in Landenhausen die T\u00fcren f\u00fcr alle Kunstliebhaber ge\u00f6ffnet und bereits kurz nach der Er\u00f6ffnung war das Interesse der Besucher gro\u00df. Heute und morgen findet der 11. Kunstspaziergang des Kulturvereins Landenhausen e.V. unter dem Motto\u00c2\u00a0 &#8220;Kunst (ver)zaubert &#8220;statt. Das Au\u00dfergew\u00f6hnliche\u00c2\u00a0 daran ist, das 30 regionale aber auch \u00fcberregionale K\u00fcnstler in verschiedenen privaten und \u00f6ffentlichen\u00c2\u00a0R\u00e4umen im Ort ausstellen.\u00c2\u00a0Dabei wird den Besuchern ein breites Spektrum an Malerei und bildender Kunst geboten. Alle Austellungen sind heute noch bis 17:00 Uhr und am Sonntag von 11:00 bis 18:00 Uhr ge\u00f6ffnet. Au\u00dferdem hat der engagierte Verein Aktionsk\u00fcnstler nach Landenhausen geholt. &#8220;Ob Kunst mit Kettens\u00e4ge oder Urban Sketching, es ist f\u00fcr jeden etwas dabei&#8221; freut sich Heinz-Gert Funke, Vorsitzender des Kulturvereins und l\u00e4dt alle Interessierten noch einmal herzlich ein. Ein Highlight ist der Auftritt des Duo Hora aus Melsungen, das eine Mischung aus Gesang, Texten und spitzen Dialogen Personen aus der Zeit der Reformation lebendig werden l\u00e4sst. Die Veranstaltung beginnt heute am 19.11.16 um 18:00 Uhr in der evangelischen Kirche in Landenhausen.<\/p>\n","protected":false},"excerpt":{"rendered":"<div class=\"tmnf_excerpt\"><p>Dieses Wochenende sind in Landenhausen die T\u00fcren f\u00fcr alle Kunstliebhaber ge\u00f6ffnet und bereits kurz nach der Er\u00f6ffnung war das Interesse der Besucher gro\u00df. Heute und morgen findet der 11. Kunstspaziergang des Kulturvereins Landenhausen e.V. unter dem Motto\u00c2\u00a0 &#8220;Kunst (ver)zaubert &#8220;statt. Das Au\u00dfergew\u00f6hnliche\u00c2\u00a0 daran ist, das 30 regionale aber auch \u00fcberregionale K\u00fcnstler in verschiedenen privaten und &hellip;<\/p>\n<\/div>","protected":false},"author":1,"featured_media":157287,"comment_status":"closed","ping_status":"closed","sticky":false,"template":"","format":"standard","meta":{"footnotes":""},"categories":[1],"tags":[],"class_list":["post-157281","post","type-post","status-publish","format-standard","has-post-thumbnail","hentry","category-startseite"],"_links":{"self":[{"href":"https:\/\/www.fuldaernachrichten.de\/index.php?rest_route=\/wp\/v2\/posts\/157281","targetHints":{"allow":["GET"]}}],"collection":[{"href":"https:\/\/www.fuldaernachrichten.de\/index.php?rest_route=\/wp\/v2\/posts"}],"about":[{"href":"https:\/\/www.fuldaernachrichten.de\/index.php?rest_route=\/wp\/v2\/types\/post"}],"author":[{"embeddable":true,"href":"https:\/\/www.fuldaernachrichten.de\/index.php?rest_route=\/wp\/v2\/users\/1"}],"replies":[{"embeddable":true,"href":"https:\/\/www.fuldaernachrichten.de\/index.php?rest_route=%2Fwp%2Fv2%2Fcomments&post=157281"}],"version-history":[{"count":1,"href":"https:\/\/www.fuldaernachrichten.de\/index.php?rest_route=\/wp\/v2\/posts\/157281\/revisions"}],"predecessor-version":[{"id":157288,"href":"https:\/\/www.fuldaernachrichten.de\/index.php?rest_route=\/wp\/v2\/posts\/157281\/revisions\/157288"}],"wp:featuredmedia":[{"embeddable":true,"href":"https:\/\/www.fuldaernachrichten.de\/index.php?rest_route=\/wp\/v2\/media\/157287"}],"wp:attachment":[{"href":"https:\/\/www.fuldaernachrichten.de\/index.php?rest_route=%2Fwp%2Fv2%2Fmedia&parent=157281"}],"wp:term":[{"taxonomy":"category","embeddable":true,"href":"https:\/\/www.fuldaernachrichten.de\/index.php?rest_route=%2Fwp%2Fv2%2Fcategories&post=157281"},{"taxonomy":"post_tag","embeddable":true,"href":"https:\/\/www.fuldaernachrichten.de\/index.php?rest_route=%2Fwp%2Fv2%2Ftags&post=157281"}],"curies":[{"name":"wp","href":"https:\/\/api.w.org\/{rel}","templated":true}]}}