{"id":15728,"date":"2008-12-08T07:14:59","date_gmt":"2008-12-08T06:14:59","guid":{"rendered":"http:\/\/www.schoene-nachrichten.de\/?p=15728"},"modified":"2008-12-08T08:15:11","modified_gmt":"2008-12-08T07:15:11","slug":"zulassungsstellen-in-fulda-und-huenfeld-geschlossen","status":"publish","type":"post","link":"https:\/\/www.fuldaernachrichten.de\/?p=15728","title":{"rendered":"Zulassungsstellen in Fulda und H\u00fcnfeld geschlossen"},"content":{"rendered":"<p><strong>Fulda \/ H\u00fcnfeld.<\/strong> Am Freitag, 12. Dezember 2008, bleibt der Fachdienst Stra\u00dfenverkehr am Gerloser Weg 22 in Fulda, ebenso wie die Au\u00dfenstelle der Zulassungsbeh\u00f6rde in H\u00fcnfeld, Am Anger 4, f\u00fcr den Kundenverkehr geschlossen. Die Schlie\u00dfung f\u00fcr den Kundenverkehr ist notwendig, weil an diesem Tag die neue Zulassungssoftware eingef\u00fchrt wird.<\/p>\n","protected":false},"excerpt":{"rendered":"<div class=\"tmnf_excerpt\"><p>Fulda \/ H\u00fcnfeld. Am Freitag, 12. Dezember 2008, bleibt der Fachdienst Stra\u00dfenverkehr am Gerloser Weg 22 in Fulda, ebenso wie die Au\u00dfenstelle der Zulassungsbeh\u00f6rde in H\u00fcnfeld, Am Anger 4, f\u00fcr den Kundenverkehr geschlossen. Die Schlie\u00dfung f\u00fcr den Kundenverkehr ist notwendig, weil an diesem Tag die neue Zulassungssoftware eingef\u00fchrt wird.<\/p>\n<\/div>","protected":false},"author":1,"featured_media":0,"comment_status":"closed","ping_status":"closed","sticky":false,"template":"","format":"standard","meta":{"footnotes":""},"categories":[1,35],"tags":[],"class_list":["post-15728","post","type-post","status-publish","format-standard","hentry","category-startseite","category-auto"],"_links":{"self":[{"href":"https:\/\/www.fuldaernachrichten.de\/index.php?rest_route=\/wp\/v2\/posts\/15728","targetHints":{"allow":["GET"]}}],"collection":[{"href":"https:\/\/www.fuldaernachrichten.de\/index.php?rest_route=\/wp\/v2\/posts"}],"about":[{"href":"https:\/\/www.fuldaernachrichten.de\/index.php?rest_route=\/wp\/v2\/types\/post"}],"author":[{"embeddable":true,"href":"https:\/\/www.fuldaernachrichten.de\/index.php?rest_route=\/wp\/v2\/users\/1"}],"replies":[{"embeddable":true,"href":"https:\/\/www.fuldaernachrichten.de\/index.php?rest_route=%2Fwp%2Fv2%2Fcomments&post=15728"}],"version-history":[{"count":2,"href":"https:\/\/www.fuldaernachrichten.de\/index.php?rest_route=\/wp\/v2\/posts\/15728\/revisions"}],"predecessor-version":[{"id":15812,"href":"https:\/\/www.fuldaernachrichten.de\/index.php?rest_route=\/wp\/v2\/posts\/15728\/revisions\/15812"}],"wp:attachment":[{"href":"https:\/\/www.fuldaernachrichten.de\/index.php?rest_route=%2Fwp%2Fv2%2Fmedia&parent=15728"}],"wp:term":[{"taxonomy":"category","embeddable":true,"href":"https:\/\/www.fuldaernachrichten.de\/index.php?rest_route=%2Fwp%2Fv2%2Fcategories&post=15728"},{"taxonomy":"post_tag","embeddable":true,"href":"https:\/\/www.fuldaernachrichten.de\/index.php?rest_route=%2Fwp%2Fv2%2Ftags&post=15728"}],"curies":[{"name":"wp","href":"https:\/\/api.w.org\/{rel}","templated":true}]}}