{"id":157256,"date":"2016-11-20T11:29:40","date_gmt":"2016-11-20T10:29:40","guid":{"rendered":"http:\/\/www.fuldaer-nachrichten.de\/?p=157256"},"modified":"2016-11-20T11:29:40","modified_gmt":"2016-11-20T10:29:40","slug":"trabert-besser-hoeren-investiert-in-neuhof-in-umbau-und-ausstattung","status":"publish","type":"post","link":"https:\/\/www.fuldaernachrichten.de\/?p=157256","title":{"rendered":"TRABERT Besser H\u00f6ren investiert in Neuhof in Umbau und Ausstattung"},"content":{"rendered":"<p>Zahlreiche Kunden und Interessierte lie\u00dfen es sich nicht nehmen, anl\u00e4sslich des \u201eTages der offenen T\u00fcr\u201c im Institut von TRABERT Besser H\u00f6ren in Neuhof hereinzuschauen und die neu gestalteten R\u00e4umlichkeiten und technischen Innovationen in der Frankfurter Stra\u00dfe 3 zu begutachten. Unter den G\u00e4sten war auch Neuhofs B\u00fcrgermeisterin Maria Schultheis, die in ihrem Gru\u00dfwort den Dank an Annette und Andreas Trabert richtete: \u201eSie haben \u00fcber viele Jahre hinweg, genauer gesagt, hier vor Ort seit \u00fcber zwei Jahrzehnten, zur Lebensqualit\u00e4t der Menschen beigetragen und geholfen, Hemmschwellen abzubauen.\u201c Die B\u00fcrgermeisterin stellte besonders heraus, dass TRABERT Besser H\u00f6ren die Versorgung im l\u00e4ndlichen Raum sicherstelle und damit auch zur Attraktivit\u00e4t des Ortes und den angrenzenden Gebieten beitrage. \u201eGerade \u00e4ltere B\u00fcrger sind davon betroffen, wenn der Einzelhandel abwandert. Sie stehen zu Neuhof, schaffen Arbeitspl\u00e4tze und engagieren sich im Sinne unserer Einwohner. Dies wissen wir besonders zu sch\u00e4tzen.\u201c Eine Antwort hatte Andreas Trabert dazu umgehend parat: \u201eWir m\u00f6chten die Versorgung f\u00fcr Neuhof und seine B\u00fcrger sicherstellen und betrachten dieses Institut als eigenst\u00e4ndigen Standort. Daher waren jetzt Umbau und weitere technische Neuerungen angesagt.\u201c Hell und modern im Innenbereich gestaltet, zeigen edle Vitrinen Neuheiten aus der H\u00f6rakustik. Multimedia h\u00e4lt Einzug und dabei steht insbesondere im Studio die TRABERT-Dolby-Surround-Anlage im Blickpunkt. \u201eWir k\u00f6nnen jetzt 150 Situationen von Betroffenen nachvollziehen. Diese Entwicklung kommt unseren Kunden zugute.\u201c Wie der H\u00f6rakustikmeister weiter ausf\u00fchrte, erhalte der Kunde eine komplett individuelle Programmierung \u2013 \u201eso individuell wie ein Fingerabdruck und auf die pers\u00f6nlichen Bed\u00fcrfnisse abgestimmt.\u201c Dar\u00fcber hinaus gelte es auch, ein entspanntes H\u00f6ren zu erm\u00f6glichen. \u201eDurch unsere M\u00f6glichkeiten schaffen wir es, dass die H\u00f6ranstrengung um bis zu 50 Prozent zur\u00fcckgeht.\u201c Und zusammenfassend: \u201eDie technologischen Fortschritte in der H\u00f6rakustik sind gigantisch, dennoch muss der H\u00f6rger\u00e4te-Akustiker diese Systeme zum Leben bringen. Dies ist eine Herausforderung ganz im Sinne unserer Kunden.\u201c<\/p>\n<p>BU: Andreas und Annette Trabert mit B\u00fcrgermeisterin Maria Schultheis und dem Neuhofer Team (v.l.).<\/p>\n","protected":false},"excerpt":{"rendered":"<div class=\"tmnf_excerpt\"><p>Zahlreiche Kunden und Interessierte lie\u00dfen es sich nicht nehmen, anl\u00e4sslich des \u201eTages der offenen T\u00fcr\u201c im Institut von TRABERT Besser H\u00f6ren in Neuhof hereinzuschauen und die neu gestalteten R\u00e4umlichkeiten und technischen Innovationen in der Frankfurter Stra\u00dfe 3 zu begutachten. Unter den G\u00e4sten war auch Neuhofs B\u00fcrgermeisterin Maria Schultheis, die in ihrem Gru\u00dfwort den Dank an &hellip;<\/p>\n<\/div>","protected":false},"author":1,"featured_media":157260,"comment_status":"closed","ping_status":"closed","sticky":false,"template":"","format":"standard","meta":{"footnotes":""},"categories":[1],"tags":[],"class_list":["post-157256","post","type-post","status-publish","format-standard","has-post-thumbnail","hentry","category-startseite"],"_links":{"self":[{"href":"https:\/\/www.fuldaernachrichten.de\/index.php?rest_route=\/wp\/v2\/posts\/157256","targetHints":{"allow":["GET"]}}],"collection":[{"href":"https:\/\/www.fuldaernachrichten.de\/index.php?rest_route=\/wp\/v2\/posts"}],"about":[{"href":"https:\/\/www.fuldaernachrichten.de\/index.php?rest_route=\/wp\/v2\/types\/post"}],"author":[{"embeddable":true,"href":"https:\/\/www.fuldaernachrichten.de\/index.php?rest_route=\/wp\/v2\/users\/1"}],"replies":[{"embeddable":true,"href":"https:\/\/www.fuldaernachrichten.de\/index.php?rest_route=%2Fwp%2Fv2%2Fcomments&post=157256"}],"version-history":[{"count":1,"href":"https:\/\/www.fuldaernachrichten.de\/index.php?rest_route=\/wp\/v2\/posts\/157256\/revisions"}],"predecessor-version":[{"id":157261,"href":"https:\/\/www.fuldaernachrichten.de\/index.php?rest_route=\/wp\/v2\/posts\/157256\/revisions\/157261"}],"wp:featuredmedia":[{"embeddable":true,"href":"https:\/\/www.fuldaernachrichten.de\/index.php?rest_route=\/wp\/v2\/media\/157260"}],"wp:attachment":[{"href":"https:\/\/www.fuldaernachrichten.de\/index.php?rest_route=%2Fwp%2Fv2%2Fmedia&parent=157256"}],"wp:term":[{"taxonomy":"category","embeddable":true,"href":"https:\/\/www.fuldaernachrichten.de\/index.php?rest_route=%2Fwp%2Fv2%2Fcategories&post=157256"},{"taxonomy":"post_tag","embeddable":true,"href":"https:\/\/www.fuldaernachrichten.de\/index.php?rest_route=%2Fwp%2Fv2%2Ftags&post=157256"}],"curies":[{"name":"wp","href":"https:\/\/api.w.org\/{rel}","templated":true}]}}