{"id":157249,"date":"2016-11-20T11:28:50","date_gmt":"2016-11-20T10:28:50","guid":{"rendered":"http:\/\/www.fuldaer-nachrichten.de\/?p=157249"},"modified":"2016-11-20T11:28:50","modified_gmt":"2016-11-20T10:28:50","slug":"elisabeth-preis-2016-ging-an-projekt-rosenbrot","status":"publish","type":"post","link":"https:\/\/www.fuldaernachrichten.de\/?p=157249","title":{"rendered":"Elisabeth-Preis 2016 ging an Projekt \u201eRosen(b)rot"},"content":{"rendered":"<p>Der siebte Elisabeth-Preis der Caritas im Bistum Fulda ist vergeben: Einm\u00fctig erkannte die Jury aus sieben Vertretern von Kirche, Politik, Wirtschaft und Medien dieses Mal den Preis und das Preisgeld in H\u00f6he von 3.000 Euro dem Sozialdienst katholischer Frauen Fulda f\u00fcr sein Projekt Rosen(b)rot \u2013 ein guter Ort f\u00fcr Kinder zu.<\/p>\n<p>Bei einem Festakt im Marmorsaal des Stadtschlosses erkl\u00e4rte Di\u00f6zesan-Caritasdirektor Dr. Markus Juch in seiner Laudatio, der Preis sei einem Projekt zuerkannt worden, das ein beispielhaftes Engagement der Generation der \u00c4lteren f\u00fcr die junge Generation der Kinder zeige. Zudem habe die Arbeit in diesem Unterst\u00fctzungsprojekt eine wesentliche soziale Komponente, denn die Kinder zwischen sechs und zw\u00f6lf Jahren, die \u2013 teilweise mit Migrationshintergrund \u2013 materiell wie auch sozial benachteiligt seien, sollen neben Bildung auch Werte wie gewaltfreie Konfliktbew\u00e4ltigung und Toleranz erfahren und erlernen. Rosen(b)rot sorge f\u00fcr Teilhabe von jungen Menschen, die sonst wom\u00f6glich langfristig zu kurz k\u00e4men. Es habe die Jury auch in Hinblick auf das Jahresthema der Caritas \u201eMach dich stark f\u00fcr Generationengerechtigkeit\u201c \u00fcberzeugt. Juch \u00fcberreichte den Preis gemeinsam mit seinem Vorstandskollegen Ansgar Erb und dem Generalvikar des Bistums Fulda, Prof. Dr. Gerhard Stanke, der zuvor bereits in einem Festgottesdienst zum Elisabeth-Preis in der Stadtpfarrkirche das Thema \u201eGenerationengerechtigkeit\u201c thematisiert hatte.<\/p>\n<p>Als Gastgeber im Stadtschloss sprach B\u00fcrgermeister Dag Wehner, der \u2013 als Mitglied der Jury \u2013 die Bedeutung des Elisabeth-Preises auch aus Sicht der Stadt w\u00fcrdigte, ehrenamtliches Engagement gerade in Hinblick auf die aktuelle Aufgabe der Integration vieler zugewanderter Fl\u00fcchtlinge in die Region Fulda zu f\u00f6rdern und der \u00d6ffentlichkeit sichtbar zu machen. Wehner bedankte sich dabei auch ausdr\u00fccklich bei der Caritas f\u00fcr ihre Arbeit und f\u00fcr das Engagement aller Freiwilligen zur Unterst\u00fctzung von Hilfebed\u00fcrftigen. Den Festvortrag hatte der Politologe Dr. Dr. habil. J\u00f6rg Tremmel gehalten. Er stellte du beantwortete die Frage: Wie gelingt uns eine solidarische und gerechte Zukunft f\u00fcr alle Generationen? F\u00fcr den musikalischen Rahmen auf der Veranstaltung sorgte der CaritasChor65+ unter Leitung von Sr. Hildegard Wolters, die Festveranstaltung moderierte Gemeindecaritas-Referentin Daniela Manke.<\/p>\n<p>F\u00fcr den SkF bedankte sich Vorstandsvorsitzende Ursula Schmitt f\u00fcr die Preisvergabe. Nach anschaulicher Vorstellung des Projektes durch die verantwortlichen Akteure, mit der deutlich wurde, dass sich Betreuer, Ehrenamtliche, Praktikanten und die Kinder bei Rosen(b)rot als gro\u00dfe Gemeinschaft verstehen, bedankte sich zuletzt auch eine Gruppe der Rosen(b)rot-Kinder auf ihre Weise: Gemeinsam mit dem Chor sangen sie ein irisches Segenslied.<\/p>\n","protected":false},"excerpt":{"rendered":"<div class=\"tmnf_excerpt\"><p>Der siebte Elisabeth-Preis der Caritas im Bistum Fulda ist vergeben: Einm\u00fctig erkannte die Jury aus sieben Vertretern von Kirche, Politik, Wirtschaft und Medien dieses Mal den Preis und das Preisgeld in H\u00f6he von 3.000 Euro dem Sozialdienst katholischer Frauen Fulda f\u00fcr sein Projekt Rosen(b)rot \u2013 ein guter Ort f\u00fcr Kinder zu. Bei einem Festakt im &hellip;<\/p>\n<\/div>","protected":false},"author":1,"featured_media":157254,"comment_status":"closed","ping_status":"closed","sticky":false,"template":"","format":"standard","meta":{"footnotes":""},"categories":[1],"tags":[],"class_list":["post-157249","post","type-post","status-publish","format-standard","has-post-thumbnail","hentry","category-startseite"],"_links":{"self":[{"href":"https:\/\/www.fuldaernachrichten.de\/index.php?rest_route=\/wp\/v2\/posts\/157249","targetHints":{"allow":["GET"]}}],"collection":[{"href":"https:\/\/www.fuldaernachrichten.de\/index.php?rest_route=\/wp\/v2\/posts"}],"about":[{"href":"https:\/\/www.fuldaernachrichten.de\/index.php?rest_route=\/wp\/v2\/types\/post"}],"author":[{"embeddable":true,"href":"https:\/\/www.fuldaernachrichten.de\/index.php?rest_route=\/wp\/v2\/users\/1"}],"replies":[{"embeddable":true,"href":"https:\/\/www.fuldaernachrichten.de\/index.php?rest_route=%2Fwp%2Fv2%2Fcomments&post=157249"}],"version-history":[{"count":1,"href":"https:\/\/www.fuldaernachrichten.de\/index.php?rest_route=\/wp\/v2\/posts\/157249\/revisions"}],"predecessor-version":[{"id":157255,"href":"https:\/\/www.fuldaernachrichten.de\/index.php?rest_route=\/wp\/v2\/posts\/157249\/revisions\/157255"}],"wp:featuredmedia":[{"embeddable":true,"href":"https:\/\/www.fuldaernachrichten.de\/index.php?rest_route=\/wp\/v2\/media\/157254"}],"wp:attachment":[{"href":"https:\/\/www.fuldaernachrichten.de\/index.php?rest_route=%2Fwp%2Fv2%2Fmedia&parent=157249"}],"wp:term":[{"taxonomy":"category","embeddable":true,"href":"https:\/\/www.fuldaernachrichten.de\/index.php?rest_route=%2Fwp%2Fv2%2Fcategories&post=157249"},{"taxonomy":"post_tag","embeddable":true,"href":"https:\/\/www.fuldaernachrichten.de\/index.php?rest_route=%2Fwp%2Fv2%2Ftags&post=157249"}],"curies":[{"name":"wp","href":"https:\/\/api.w.org\/{rel}","templated":true}]}}