{"id":157248,"date":"2016-11-20T11:28:28","date_gmt":"2016-11-20T10:28:28","guid":{"rendered":"http:\/\/www.fuldaer-nachrichten.de\/?p=157248"},"modified":"2016-11-20T11:28:28","modified_gmt":"2016-11-20T10:28:28","slug":"caritas-werkstaetten-an-neuem-standort-auf-fuldaer-weihnachtsmarkt","status":"publish","type":"post","link":"https:\/\/www.fuldaernachrichten.de\/?p=157248","title":{"rendered":"Caritas-Werkst\u00e4tten an neuem Standort auf Fuldaer Weihnachtsmarkt"},"content":{"rendered":"<p>Beim unmittelbar bevorstehenden Fuldaer Weihnachtsmarkt 2016 in der Stadtmitte vom 25. November bis 23. Dezember haben auch wieder die Caritas-Werkst\u00e4tten ihren Stand errichtet \u2013 diesmal allerdings nicht auf dem Uniplatz, sondern etwas weiter unterhalb an der Mauer der Stadtpfarrkirche. F\u00fcr den diesj\u00e4hrigen Marktauftritt errichteten Mitarbeiter der Carisma-Werkstatt in Maberzell extra einen neuen wetterfesten Markstand, damit die Verk\u00e4ufer auch bei winterlichen Temperaturen jederzeit f\u00fcr die Kunden und Marktbesucher bereit stehen k\u00f6nnen.<\/p>\n<p>Erneut\u00c2\u00a0 k\u00fcmmert sich ein Team ausschlie\u00dflich aus Ehrenamtlichen zu den kompletten \u00d6ffnungszeiten um den Verkauf. Zu der Gruppe der Freiwilligen, die aus etwa 90 Menschen besteht, geh\u00f6ren Werkstattmitarbeiter und Betreuer, Familienangeh\u00f6rige, Caritas-Mitarbeiter aus anderen Arbeitsfeldern, Freunde und G\u00f6nner der Caritas sowie auch Vertreter aus Politik und von der Bistumsspitze. Mit dabei sind zum Beispiel gleich am 26. November in den Mittagsstunden ab 13 Uhr die Bundestagsabgeordnete Birgit K\u00f6mpel, am 5. Dezember ab 16 Uhr Generalvikar\u00c2\u00a0 Prof. Dr. Gerhard Stanke oder ein Team\u00c2\u00a0 von B\u00fcndnis 90\/Die Gr\u00fcnen, das Samstag, den 10. Dezember ab 11 Uhr pr\u00e4sent ist. B\u00fcrgermeister Dag Wehner und der Erste Kreisbeigeordnete Frederik Schmitt teilen sich den Standdienst am Montag, dem 12. Dezember ab 16 Uhr mit Caritas-Vorstandsmitglied Ansgar Erb, der auch bei den anderen Verkaufsschichten der \u00fcbrigen Genannten immer mit dabei ist \u2013 so auch, wenn am Mittwoch, 14. Dezember B\u00fcrgermeister Timo Zentgraf aus K\u00fcnzell ab 15 Uhr Freiwilligendienst tut.<\/p>\n<p>Federf\u00fchrend ist die Elterninitiative der Werkst\u00e4tten-Mitarbeiter, die auch f\u00fcr die Logistik und den Warennachschub sorgt. Als Angebote am Stand findet man zahlreiche Anregungen f\u00fcr weihnachtsgeschenke wie zum Beispiel Vogelh\u00e4user, Nistk\u00e4sten und Krippen aus Holz, handgefertigte Wollstrickwaren wie Schals, M\u00fctzen und vor allem Socken von ganz klein bis sehr gro\u00df, Kunstpostkarten, Bienenwachskerzen und Honig von Imkern aus der Region sowie weitere kleine Genussartikel und Accessoires. Auch die Caritas-Abrei\u00df- und Buchkalender f\u00fcr das Jahr 2017 werden nat\u00fcrlich am Stand zum Verkauf bereit gehalten.<\/p>\n<p>Alle ehrenamtlichen Verkaufsteams am Caritas-Weihnachtsmarktstand freuen sich selbstverst\u00e4ndlich \u00fcber Ansprache von Passanten und Marktbesuchern und stehen \u00fcber die Verkaufst\u00e4tigkeit hinaus immer gerne f\u00fcr einen kleinen Plausch am Weihnachtsmarktstand der Caritas zur Verf\u00fcgung.<\/p>\n","protected":false},"excerpt":{"rendered":"<div class=\"tmnf_excerpt\"><p>Beim unmittelbar bevorstehenden Fuldaer Weihnachtsmarkt 2016 in der Stadtmitte vom 25. November bis 23. Dezember haben auch wieder die Caritas-Werkst\u00e4tten ihren Stand errichtet \u2013 diesmal allerdings nicht auf dem Uniplatz, sondern etwas weiter unterhalb an der Mauer der Stadtpfarrkirche. F\u00fcr den diesj\u00e4hrigen Marktauftritt errichteten Mitarbeiter der Carisma-Werkstatt in Maberzell extra einen neuen wetterfesten Markstand, damit &hellip;<\/p>\n<\/div>","protected":false},"author":1,"featured_media":157252,"comment_status":"closed","ping_status":"closed","sticky":false,"template":"","format":"standard","meta":{"footnotes":""},"categories":[1],"tags":[],"class_list":["post-157248","post","type-post","status-publish","format-standard","has-post-thumbnail","hentry","category-startseite"],"_links":{"self":[{"href":"https:\/\/www.fuldaernachrichten.de\/index.php?rest_route=\/wp\/v2\/posts\/157248","targetHints":{"allow":["GET"]}}],"collection":[{"href":"https:\/\/www.fuldaernachrichten.de\/index.php?rest_route=\/wp\/v2\/posts"}],"about":[{"href":"https:\/\/www.fuldaernachrichten.de\/index.php?rest_route=\/wp\/v2\/types\/post"}],"author":[{"embeddable":true,"href":"https:\/\/www.fuldaernachrichten.de\/index.php?rest_route=\/wp\/v2\/users\/1"}],"replies":[{"embeddable":true,"href":"https:\/\/www.fuldaernachrichten.de\/index.php?rest_route=%2Fwp%2Fv2%2Fcomments&post=157248"}],"version-history":[{"count":1,"href":"https:\/\/www.fuldaernachrichten.de\/index.php?rest_route=\/wp\/v2\/posts\/157248\/revisions"}],"predecessor-version":[{"id":157253,"href":"https:\/\/www.fuldaernachrichten.de\/index.php?rest_route=\/wp\/v2\/posts\/157248\/revisions\/157253"}],"wp:featuredmedia":[{"embeddable":true,"href":"https:\/\/www.fuldaernachrichten.de\/index.php?rest_route=\/wp\/v2\/media\/157252"}],"wp:attachment":[{"href":"https:\/\/www.fuldaernachrichten.de\/index.php?rest_route=%2Fwp%2Fv2%2Fmedia&parent=157248"}],"wp:term":[{"taxonomy":"category","embeddable":true,"href":"https:\/\/www.fuldaernachrichten.de\/index.php?rest_route=%2Fwp%2Fv2%2Fcategories&post=157248"},{"taxonomy":"post_tag","embeddable":true,"href":"https:\/\/www.fuldaernachrichten.de\/index.php?rest_route=%2Fwp%2Fv2%2Ftags&post=157248"}],"curies":[{"name":"wp","href":"https:\/\/api.w.org\/{rel}","templated":true}]}}