{"id":157239,"date":"2016-11-20T11:27:02","date_gmt":"2016-11-20T10:27:02","guid":{"rendered":"http:\/\/www.fuldaer-nachrichten.de\/?p=157239"},"modified":"2016-11-20T11:27:02","modified_gmt":"2016-11-20T10:27:02","slug":"wettbewerb-schulradeln","status":"publish","type":"post","link":"https:\/\/www.fuldaernachrichten.de\/?p=157239","title":{"rendered":"Wettbewerb \u201eSchulradeln\u201c"},"content":{"rendered":"<p>Rund 100 Schulen aus Hessen und Mainz haben sich in diesem Jahr am Wettbewerb \u201eSchulradeln\u201c beteiligt. Dabei wurden ganze 500.000 Kilometer zur\u00fcckgelegt \u2013 das ist\u00c2\u00a0 mehr als doppelt so viel wie bei der ersten Auflage der Aktion im letzten Jahr, damals noch begrenzt aufs Rhein-Main-Gebiet. Beim \u201eSchulradeln\u201c sammeln Sch\u00fclerinnen und Sch\u00fcler einer Schule sowie deren Eltern und Lehrer in einem Zeitraum von drei Wochen \u2013 parallel zum bundesweiten Wettbewerb \u201eStadtradeln\u201c des Klima-B\u00fcndnis\u00e2\u20ac\u02dc\u00c2\u00a0 \u2013 m\u00f6glichst viele Fahrradkilometer. Au\u00dferdem k\u00f6nnen besonders gelungene Schulaktionen zum Thema Radfahren pr\u00e4miert werden.<\/p>\n<p>\u00c2\u00b7\u00c2\u00a0\u00c2\u00a0\u00c2\u00a0\u00c2\u00a0\u00c2\u00a0\u00c2\u00a0\u00c2\u00a0\u00c2\u00a0 Den ersten Platz der Kategorie \u201eGesamtkilometer\u201c verteidigte die Einhardschule Seligenstadt mit 46.500 Kilometern. Die Albertus-Magnus-Schule Viernheim kam mit 42.500 gesammelten Kilometern auf den zweiten Platz. Dritter wurde die Gesamtschule Gie\u00dfen-Ost mit 29.500 Kilometern.<br \/>\n\u00c2\u00b7\u00c2\u00a0\u00c2\u00a0\u00c2\u00a0\u00c2\u00a0\u00c2\u00a0\u00c2\u00a0\u00c2\u00a0\u00c2\u00a0 Das gr\u00f6\u00dfte Team stellte die Albertus-Magnus-Schule Viernheim mit 389 Teilnehmern, gefolgt von der Albrecht-D\u00fcrer-Schule Weiterstadt (350) und der Einhardschule Seligenstadt (340).<br \/>\n\u00c2\u00b7\u00c2\u00a0\u00c2\u00a0\u00c2\u00a0\u00c2\u00a0\u00c2\u00a0\u00c2\u00a0\u00c2\u00a0\u00c2\u00a0 Im Durchschnitt am meisten Kilometer pro Teammitglied erfuhren die Sch\u00fclerinnen und Sch\u00fcler der Gesamtschule M\u00fccke (675 km), pr\u00e4miert wurden au\u00dferdem die Karl-Rehbein-Schule Hanau (445 km) und die Beruflichen Schulen Gro\u00df-Gerau (407 km).<br \/>\n\u00c2\u00b7\u00c2\u00a0\u00c2\u00a0\u00c2\u00a0\u00c2\u00a0\u00c2\u00a0\u00c2\u00a0\u00c2\u00a0\u00c2\u00a0 F\u00fcr die besten Schulaktionen wurden das Wilhelmsgymnasium Kassel, die Albert-Einstein-Schule Langen sowie die IGS Mainz-Bretzenheim ausgezeichnet.<\/p>\n<p>Der vom Integrierten Verkehrs- und Mobilit\u00e4tsmanagement Region Frankfurt RheinMain (ivm) entwickelte und durchgef\u00fchrte Wettbewerb fand in diesem Jahr zum ersten Mal unter dem Dach der Arbeitsgemeinschaft Nahmobilit\u00e4t Hessen statt. Die Schirmherrschaft f\u00fcr den Wettbewerb hat der hessische Verkehrsminister Tarek Al-Wazir \u00fcbernommen. Gemeinsam mit der Fahrradbeauftragten des Bundes, Birgitta Worringen, \u00fcbergab er am Freitag in Hanau die Preise an die Gewinnerschulen.<\/p>\n<p>\u201eWer mit dem Rad zur Schule f\u00e4hrt, tut nicht nur etwas f\u00fcr die Umwelt und seine Gesundheit, sondern auch f\u00fcr seine Schulnoten\u201c, sagte Minister Al-Wazir. \u201eDenn Untersuchungen zeigen, dass man nach dem Radfahren im Unterricht aufmerksamer und entspannter ist.\u201c Er freue sich \u00fcber das gro\u00dfe Interesse am Wettbewerb und die sagenhaften Ergebnisse.<\/p>\n<p>Heike M\u00fchlhans, Gesch\u00e4ftsf\u00fchrerin der ivm, betonte: \u201eWir freuen uns au\u00dferordentlich, das der im vergangenen Jahr in unserer Region gestartete Wettbewerb nun auch in ganz Hessen und der Stadt Mainz auf so gro\u00dfen Zuspruch st\u00f6\u00dft.\u201c Gemeinsam mit dem Klima-B\u00fcndnis k\u00f6nne die ivm ab 2017 auch anderen Bundesl\u00e4ndern erm\u00f6glichen, den Wettbewerb durchzuf\u00fchren.<\/p>\n<p>Minister Al-Wazir riet dazu, vom \u201eElterntaxi\u201c abzukommen und den Kindern und Jugendlichen die Erfahrungen nicht vorzuenthalten, die sie auf dem Schulweg machen. \u201eNur so k\u00f6nnen Kinder auch lernen, Gefahren im Verkehr einzusch\u00e4tzen\u201c, gab Al-Wazir zu Bedenken. Um den Schulweg mit dem Rad attraktiver und sicherer zu machen, hat die ivm mit Unterst\u00fctzung des Bundes das Sch\u00fclerradroutennetz Region FrankfurtRheinMain aufgebaut. Das Land Hessen hat 30.000 Euro f\u00fcr die Entwicklung eines internetgest\u00fctzten Sch\u00fclerradroutenplaners, der eine besonders geeignete Route von zuhause bis zur Schule empfiehlt, beigesteuert. Derzeit arbeitet die Landesregierung gemeinsam mit den Verkehrsverb\u00fcnden an der Einf\u00fchrung eines g\u00fcnstigen Sch\u00fclertickets, das als Jahreskarte erm\u00f6glichen soll, f\u00fcr einen Euro am Tag hessenweit alle Busse und Bahnen zu nutzen. \u201eWer schon als Sch\u00fcler mit dem Fahrrad, dem Bus und der Bahn f\u00e4hrt, wird sich auch sp\u00e4ter \u00f6fter f\u00fcr diese nachhaltigen Fortbewegungsarten entscheiden\u201c, so Al-Wazir.<\/p>\n","protected":false},"excerpt":{"rendered":"<div class=\"tmnf_excerpt\"><p>Rund 100 Schulen aus Hessen und Mainz haben sich in diesem Jahr am Wettbewerb \u201eSchulradeln\u201c beteiligt. Dabei wurden ganze 500.000 Kilometer zur\u00fcckgelegt \u2013 das ist\u00c2\u00a0 mehr als doppelt so viel wie bei der ersten Auflage der Aktion im letzten Jahr, damals noch begrenzt aufs Rhein-Main-Gebiet. Beim \u201eSchulradeln\u201c sammeln Sch\u00fclerinnen und Sch\u00fcler einer Schule sowie deren &hellip;<\/p>\n<\/div>","protected":false},"author":1,"featured_media":0,"comment_status":"closed","ping_status":"closed","sticky":false,"template":"","format":"standard","meta":{"footnotes":""},"categories":[1],"tags":[],"class_list":["post-157239","post","type-post","status-publish","format-standard","hentry","category-startseite"],"_links":{"self":[{"href":"https:\/\/www.fuldaernachrichten.de\/index.php?rest_route=\/wp\/v2\/posts\/157239","targetHints":{"allow":["GET"]}}],"collection":[{"href":"https:\/\/www.fuldaernachrichten.de\/index.php?rest_route=\/wp\/v2\/posts"}],"about":[{"href":"https:\/\/www.fuldaernachrichten.de\/index.php?rest_route=\/wp\/v2\/types\/post"}],"author":[{"embeddable":true,"href":"https:\/\/www.fuldaernachrichten.de\/index.php?rest_route=\/wp\/v2\/users\/1"}],"replies":[{"embeddable":true,"href":"https:\/\/www.fuldaernachrichten.de\/index.php?rest_route=%2Fwp%2Fv2%2Fcomments&post=157239"}],"version-history":[{"count":1,"href":"https:\/\/www.fuldaernachrichten.de\/index.php?rest_route=\/wp\/v2\/posts\/157239\/revisions"}],"predecessor-version":[{"id":157245,"href":"https:\/\/www.fuldaernachrichten.de\/index.php?rest_route=\/wp\/v2\/posts\/157239\/revisions\/157245"}],"wp:attachment":[{"href":"https:\/\/www.fuldaernachrichten.de\/index.php?rest_route=%2Fwp%2Fv2%2Fmedia&parent=157239"}],"wp:term":[{"taxonomy":"category","embeddable":true,"href":"https:\/\/www.fuldaernachrichten.de\/index.php?rest_route=%2Fwp%2Fv2%2Fcategories&post=157239"},{"taxonomy":"post_tag","embeddable":true,"href":"https:\/\/www.fuldaernachrichten.de\/index.php?rest_route=%2Fwp%2Fv2%2Ftags&post=157239"}],"curies":[{"name":"wp","href":"https:\/\/api.w.org\/{rel}","templated":true}]}}