{"id":157232,"date":"2016-11-20T11:23:16","date_gmt":"2016-11-20T10:23:16","guid":{"rendered":"http:\/\/www.fuldaer-nachrichten.de\/?p=157232"},"modified":"2016-11-20T11:23:16","modified_gmt":"2016-11-20T10:23:16","slug":"voc-a-bella-advent-advent-ein-liedlein-klingt-die-etwas-andere-weihnachtsshow","status":"publish","type":"post","link":"https:\/\/www.fuldaernachrichten.de\/?p=157232","title":{"rendered":"VOC A BELLA \u201eAdvent, Advent, &#8230; ein Liedlein klingt!\u201c &#8211; die etwas andere Weihnachtsshow \u2013"},"content":{"rendered":"<p>Am 03.12.2016, um 20.00 Uhr, pr\u00e4sentiert das Kulturamt der Stadt Fulda,\u00c2\u00a0 im VHS-FORUM, Kanzlerpalais, Unterm Hl. Kreuz 1, Fulda, ein ganz besonderes musikalisches Weihnachtserlebnis.<\/p>\n<p>Erleben Sie mit VOC A BELLA einen unterhaltsamen musikalischen Adventskalender. In einer kurzweiligen B\u00fchnenshow werden 24 \u00dcberraschungst\u00fcrchen ge\u00f6ffnet, welche prall gef\u00fcllt sind mit den verschiedensten Weihnachtliedern. Die drei S\u00e4ngerinnen Henrike M\u00fcller-Gr\u00e4per, Annett Putz und Anja Schumann und der Pianist Moritz T\u00f6pfer lassen das Publikum f\u00fcr zwei Stunden die vorweihnachtliche Hektik vergessen und stimmen von heiter bis besinnlich auf die Weihnachtszeit ein. Swingen Sie mit bei amerikanischen Weihnachtsklassikern, h\u00f6ren Sie, wie das erzgebirgische Raachermannel brasilianisch nabelt, summen Sie mit bei deutschen Weihnachtsliedern mit und lassen Sie sich verzaubern von dem wunderbaren dreistimmigen Satzgesang.<\/p>\n<p>Henrike M\u00fcller-Gr\u00e4per &#8211; Gesang, Ukulele<br \/>\nAnnett Putz &#8211; Gesang, Percussion<br \/>\nAnja Schumann &#8211; Gesang, Akkordeon<br \/>\nMoritz T\u00f6pfer &#8211; Piano, Gesang<\/p>\n<p>Karten zu dieser Veranstaltung, sind im Vorverkauf in der Gesch\u00e4ftsstelle der Fuldaer Zeitung (Peterstor) zum Preis von 10,00 \u00e2\u201a\u00ac, erm\u00e4\u00dfigt 8,00 \u00e2\u201a\u00ac, sowie an der Abendkasse f\u00fcr 12,00 \u00e2\u201a\u00ac, erm\u00e4\u00dfigt\u00c2\u00a0 10,00 \u00e2\u201a\u00ac erh\u00e4ltlich.<\/p>\n","protected":false},"excerpt":{"rendered":"<div class=\"tmnf_excerpt\"><p>Am 03.12.2016, um 20.00 Uhr, pr\u00e4sentiert das Kulturamt der Stadt Fulda,\u00c2\u00a0 im VHS-FORUM, Kanzlerpalais, Unterm Hl. Kreuz 1, Fulda, ein ganz besonderes musikalisches Weihnachtserlebnis. Erleben Sie mit VOC A BELLA einen unterhaltsamen musikalischen Adventskalender. In einer kurzweiligen B\u00fchnenshow werden 24 \u00dcberraschungst\u00fcrchen ge\u00f6ffnet, welche prall gef\u00fcllt sind mit den verschiedensten Weihnachtliedern. Die drei S\u00e4ngerinnen Henrike M\u00fcller-Gr\u00e4per, &hellip;<\/p>\n<\/div>","protected":false},"author":1,"featured_media":157236,"comment_status":"closed","ping_status":"closed","sticky":false,"template":"","format":"standard","meta":{"footnotes":""},"categories":[1],"tags":[],"class_list":["post-157232","post","type-post","status-publish","format-standard","has-post-thumbnail","hentry","category-startseite"],"_links":{"self":[{"href":"https:\/\/www.fuldaernachrichten.de\/index.php?rest_route=\/wp\/v2\/posts\/157232","targetHints":{"allow":["GET"]}}],"collection":[{"href":"https:\/\/www.fuldaernachrichten.de\/index.php?rest_route=\/wp\/v2\/posts"}],"about":[{"href":"https:\/\/www.fuldaernachrichten.de\/index.php?rest_route=\/wp\/v2\/types\/post"}],"author":[{"embeddable":true,"href":"https:\/\/www.fuldaernachrichten.de\/index.php?rest_route=\/wp\/v2\/users\/1"}],"replies":[{"embeddable":true,"href":"https:\/\/www.fuldaernachrichten.de\/index.php?rest_route=%2Fwp%2Fv2%2Fcomments&post=157232"}],"version-history":[{"count":1,"href":"https:\/\/www.fuldaernachrichten.de\/index.php?rest_route=\/wp\/v2\/posts\/157232\/revisions"}],"predecessor-version":[{"id":157237,"href":"https:\/\/www.fuldaernachrichten.de\/index.php?rest_route=\/wp\/v2\/posts\/157232\/revisions\/157237"}],"wp:featuredmedia":[{"embeddable":true,"href":"https:\/\/www.fuldaernachrichten.de\/index.php?rest_route=\/wp\/v2\/media\/157236"}],"wp:attachment":[{"href":"https:\/\/www.fuldaernachrichten.de\/index.php?rest_route=%2Fwp%2Fv2%2Fmedia&parent=157232"}],"wp:term":[{"taxonomy":"category","embeddable":true,"href":"https:\/\/www.fuldaernachrichten.de\/index.php?rest_route=%2Fwp%2Fv2%2Fcategories&post=157232"},{"taxonomy":"post_tag","embeddable":true,"href":"https:\/\/www.fuldaernachrichten.de\/index.php?rest_route=%2Fwp%2Fv2%2Ftags&post=157232"}],"curies":[{"name":"wp","href":"https:\/\/api.w.org\/{rel}","templated":true}]}}