{"id":157221,"date":"2016-11-20T11:22:27","date_gmt":"2016-11-20T10:22:27","guid":{"rendered":"http:\/\/www.fuldaer-nachrichten.de\/?p=157221"},"modified":"2016-11-20T11:22:27","modified_gmt":"2016-11-20T10:22:27","slug":"bistum-fulda-kompensiert-co2-ausstoss-von-dienstfahrten","status":"publish","type":"post","link":"https:\/\/www.fuldaernachrichten.de\/?p=157221","title":{"rendered":"Bistum Fulda kompensiert CO2-Aussto\u00df von Dienstfahrten"},"content":{"rendered":"<p>Generalvikar Prof. Dr. Gerhard Stanke \u00fcberreichte am Mittwoch im Bonifatiushaus Rike Schweizer vom kirchlichen Kompensationsfonds \u201eKlima-Kollekte\u201c einen Scheck \u00fcber 1.500 Euro f\u00fcr die Kompensation der im Jahr 2015 durch Dienstfahrten des Bistums entstandenen Klimagase. Anl\u00e4sslich eines Akademieabends im Rahmen der Energiesparwochen in Fulda referierte Schweizer als wissenschaftliche Mitarbeiterin der \u201eKlima-Kollekte\u201c, dass die zur Kompensation ausgew\u00e4hlten Projekte in den L\u00e4ndern des S\u00fcdens immer auch soziale Aspekte beinhalteten. Die kompensatorische Wirkung der gef\u00f6rderten Projekte wie z. B. Biogasproduktion aus Kuhdung f\u00fcr kleine Kochstellen unterliege stets strenger \u00dcberwachung.<\/p>\n<p>Bereits zum Auftakt des Abends hatte Generalvikar Stanke betont, diese Welt habe Gott als Sch\u00f6pfer ins Werk gesetzt. Unter Bezugnahme auf Texte von Papst Franziskus hob er die gemeinsame Verantwortung hervor, auch mit kleinen allt\u00e4glichen Handlungen f\u00fcr die Sch\u00f6pfung zu sorgen. Michael Kempa vom Bund der Deutschen Katholischen Jugend (BDKJ) erl\u00e4uterte, dass Klimaschutz f\u00fcr die junge Generation essentiell und bei den Aktivit\u00e4ten des Verbandes quasi selbstverst\u00e4ndlich sei. W\u00e4hrend der sehr angeregten Diskussion im gr\u00fcnen Saal des Bonifatiushauses wurden aus dem Publikum weitere kirchliche Aktivit\u00e4ten in Sachen Klimaschutz benannt. Ehrenamtliche stellten dar, wie sie durch monatliche Beobachtung des Energieverbrauchs in der Kirchengemeinde Klimagase vermeiden helfen. Seitens der Caritas wurde \u00fcber gute Erfahrungen mit Fotovoltaik und Elektromobilit\u00e4t berichtet.<\/p>\n<p>F\u00fcr das Mobilit\u00e4tsverhalten des Bistums erkl\u00e4rte Generalvikar Stanke, dass ein Gro\u00dfteil der dienstlich gefahrenen Kilometer mit der Bahn zur\u00fcckgelegt werde, aber im l\u00e4ndlich strukturierten Bistum viele Kirchorte nicht mit \u00f6ffentlichen Verkehrsmitteln erreichbar seien. Da das Bistum auch hier Verantwortung wahrnehme, so der Generalvikar, \u201ehaben wir uns entschieden, den CO2-Aussto\u00df, der durch unsere PKW-Fahrten entsteht, bei der Klima-Kollekte zu kompensieren\u201c.<\/p>\n","protected":false},"excerpt":{"rendered":"<div class=\"tmnf_excerpt\"><p>Generalvikar Prof. Dr. Gerhard Stanke \u00fcberreichte am Mittwoch im Bonifatiushaus Rike Schweizer vom kirchlichen Kompensationsfonds \u201eKlima-Kollekte\u201c einen Scheck \u00fcber 1.500 Euro f\u00fcr die Kompensation der im Jahr 2015 durch Dienstfahrten des Bistums entstandenen Klimagase. Anl\u00e4sslich eines Akademieabends im Rahmen der Energiesparwochen in Fulda referierte Schweizer als wissenschaftliche Mitarbeiterin der \u201eKlima-Kollekte\u201c, dass die zur Kompensation ausgew\u00e4hlten &hellip;<\/p>\n<\/div>","protected":false},"author":1,"featured_media":157228,"comment_status":"closed","ping_status":"closed","sticky":false,"template":"","format":"standard","meta":{"footnotes":""},"categories":[1],"tags":[],"class_list":["post-157221","post","type-post","status-publish","format-standard","has-post-thumbnail","hentry","category-startseite"],"_links":{"self":[{"href":"https:\/\/www.fuldaernachrichten.de\/index.php?rest_route=\/wp\/v2\/posts\/157221","targetHints":{"allow":["GET"]}}],"collection":[{"href":"https:\/\/www.fuldaernachrichten.de\/index.php?rest_route=\/wp\/v2\/posts"}],"about":[{"href":"https:\/\/www.fuldaernachrichten.de\/index.php?rest_route=\/wp\/v2\/types\/post"}],"author":[{"embeddable":true,"href":"https:\/\/www.fuldaernachrichten.de\/index.php?rest_route=\/wp\/v2\/users\/1"}],"replies":[{"embeddable":true,"href":"https:\/\/www.fuldaernachrichten.de\/index.php?rest_route=%2Fwp%2Fv2%2Fcomments&post=157221"}],"version-history":[{"count":1,"href":"https:\/\/www.fuldaernachrichten.de\/index.php?rest_route=\/wp\/v2\/posts\/157221\/revisions"}],"predecessor-version":[{"id":157230,"href":"https:\/\/www.fuldaernachrichten.de\/index.php?rest_route=\/wp\/v2\/posts\/157221\/revisions\/157230"}],"wp:featuredmedia":[{"embeddable":true,"href":"https:\/\/www.fuldaernachrichten.de\/index.php?rest_route=\/wp\/v2\/media\/157228"}],"wp:attachment":[{"href":"https:\/\/www.fuldaernachrichten.de\/index.php?rest_route=%2Fwp%2Fv2%2Fmedia&parent=157221"}],"wp:term":[{"taxonomy":"category","embeddable":true,"href":"https:\/\/www.fuldaernachrichten.de\/index.php?rest_route=%2Fwp%2Fv2%2Fcategories&post=157221"},{"taxonomy":"post_tag","embeddable":true,"href":"https:\/\/www.fuldaernachrichten.de\/index.php?rest_route=%2Fwp%2Fv2%2Ftags&post=157221"}],"curies":[{"name":"wp","href":"https:\/\/api.w.org\/{rel}","templated":true}]}}