{"id":157214,"date":"2016-11-20T11:21:47","date_gmt":"2016-11-20T10:21:47","guid":{"rendered":"http:\/\/www.fuldaer-nachrichten.de\/?p=157214"},"modified":"2016-11-20T11:21:47","modified_gmt":"2016-11-20T10:21:47","slug":"birgit-koempel-anlaesslich-des-vorlesetages-in-hilders-und-kirchhasel","status":"publish","type":"post","link":"https:\/\/www.fuldaernachrichten.de\/?p=157214","title":{"rendered":"Birgit K\u00f6mpel anl\u00e4sslich des Vorlesetages in Hilders und Kirchhasel"},"content":{"rendered":"<p>\u201eIch lese gerne. Und ich lese gerne vor.\u201c Birgit K\u00f6mpel, Bundestagsabgeordnete der SPD im Wahlkreis Fulda\/Vogelsberg, wei\u00df, dass Lesen und Zuh\u00f6ren die Kreativit\u00e4t anregt. So nutzte die Politikerin den bundesweiten Vorlesetag, um gleich bei zwei Kinderg\u00e4rten vorbeizuschauen und den Kindern eine Freude zu machen. Sowohl in der Kindertagesst\u00e4tte St. Bartholom\u00e4us Hilders als auch im Waldkindergarten \u201eHaselm\u00e4use\u201c in H\u00fcnfeld-Kirchhasel freuten sich die Kinder sehr \u00fcber den Besuch. \u201eIrgendwie anders\u201c hei\u00dft das Buch, das K\u00f6mpel mitgebracht hatte. Die Geschichte handelt von einem Wesen, das \u201eIrgendwie anders\u201c hei\u00dft und auch irgendwie anders ist. Deshalb hat es Schwierigkeiten, akzeptiert zu werden. Diese Probleme l\u00f6sen sich erst auf, als es einen Freund trifft, der ebenfalls anders ist. Das Buch wirbt um Toleranz gegen\u00fcber Menschen, die anders aussehen und sich anders verhalten. In Hilders allerdings, wo zw\u00f6lf Migrantenkinder in den Kindergarten gehen, scheint man keine Unterschiede zu machen. Auf die Frage K\u00f6mpels, ob denn auch bei ihnen jemand \u201eIrgendwie anders\u201c sei, gab es von den Kindern ein einhelliges \u201eN\u00f6\u201c.<\/p>\n<p>Sowohl in Hilders als auch in Kirchhasel, wo die Kinder extra ihr Spielen im Wald unterbrachen, hatten sowohl die Leserin als auch die Zuh\u00f6rer eine Menge Spa\u00df. Das Ziel des bundesweiten Vorlesetages war erf\u00fcllt.<\/p>\n","protected":false},"excerpt":{"rendered":"<div class=\"tmnf_excerpt\"><p>\u201eIch lese gerne. Und ich lese gerne vor.\u201c Birgit K\u00f6mpel, Bundestagsabgeordnete der SPD im Wahlkreis Fulda\/Vogelsberg, wei\u00df, dass Lesen und Zuh\u00f6ren die Kreativit\u00e4t anregt. So nutzte die Politikerin den bundesweiten Vorlesetag, um gleich bei zwei Kinderg\u00e4rten vorbeizuschauen und den Kindern eine Freude zu machen. Sowohl in der Kindertagesst\u00e4tte St. Bartholom\u00e4us Hilders als auch im Waldkindergarten &hellip;<\/p>\n<\/div>","protected":false},"author":1,"featured_media":157225,"comment_status":"closed","ping_status":"closed","sticky":false,"template":"","format":"standard","meta":{"footnotes":""},"categories":[1],"tags":[],"class_list":["post-157214","post","type-post","status-publish","format-standard","has-post-thumbnail","hentry","category-startseite"],"_links":{"self":[{"href":"https:\/\/www.fuldaernachrichten.de\/index.php?rest_route=\/wp\/v2\/posts\/157214","targetHints":{"allow":["GET"]}}],"collection":[{"href":"https:\/\/www.fuldaernachrichten.de\/index.php?rest_route=\/wp\/v2\/posts"}],"about":[{"href":"https:\/\/www.fuldaernachrichten.de\/index.php?rest_route=\/wp\/v2\/types\/post"}],"author":[{"embeddable":true,"href":"https:\/\/www.fuldaernachrichten.de\/index.php?rest_route=\/wp\/v2\/users\/1"}],"replies":[{"embeddable":true,"href":"https:\/\/www.fuldaernachrichten.de\/index.php?rest_route=%2Fwp%2Fv2%2Fcomments&post=157214"}],"version-history":[{"count":1,"href":"https:\/\/www.fuldaernachrichten.de\/index.php?rest_route=\/wp\/v2\/posts\/157214\/revisions"}],"predecessor-version":[{"id":157226,"href":"https:\/\/www.fuldaernachrichten.de\/index.php?rest_route=\/wp\/v2\/posts\/157214\/revisions\/157226"}],"wp:featuredmedia":[{"embeddable":true,"href":"https:\/\/www.fuldaernachrichten.de\/index.php?rest_route=\/wp\/v2\/media\/157225"}],"wp:attachment":[{"href":"https:\/\/www.fuldaernachrichten.de\/index.php?rest_route=%2Fwp%2Fv2%2Fmedia&parent=157214"}],"wp:term":[{"taxonomy":"category","embeddable":true,"href":"https:\/\/www.fuldaernachrichten.de\/index.php?rest_route=%2Fwp%2Fv2%2Fcategories&post=157214"},{"taxonomy":"post_tag","embeddable":true,"href":"https:\/\/www.fuldaernachrichten.de\/index.php?rest_route=%2Fwp%2Fv2%2Ftags&post=157214"}],"curies":[{"name":"wp","href":"https:\/\/api.w.org\/{rel}","templated":true}]}}