{"id":157170,"date":"2016-11-16T22:09:53","date_gmt":"2016-11-16T21:09:53","guid":{"rendered":"http:\/\/www.fuldaer-nachrichten.de\/?p=157170"},"modified":"2016-11-16T22:09:53","modified_gmt":"2016-11-16T21:09:53","slug":"resolution-des-kreistages-des-landkreises-bad-kissingen-vom-14-11-2016-gegen-die-geplante-schliessung-des-schaeffler-werkes-in-elfershausen","status":"publish","type":"post","link":"https:\/\/www.fuldaernachrichten.de\/?p=157170","title":{"rendered":"Resolution des Kreistages des Landkreises Bad Kissingen vom 14.11.2016 gegen die geplante Schlie\u00dfung des Schaeffler-Werkes in Elfershausen"},"content":{"rendered":"<p>Der Landkreis Bad Kissingen wendet sich mit aller Entschiedenheit gegen die geplante Schlie\u00dfung des Schaeffler-Werkes in Elfershausen. Eine solche unsoziale Entscheidung ist keineswegs hinzunehmen.<\/p>\n<p>Es ist nicht akzeptabel, dass bis Ende 2017 rund 270 Arbeitspl\u00e4tze ohne hinreichende Begr\u00fcndung an andere Standort im In- und Ausland verlagert werden sollen, zumal Zahlen und Qualit\u00e4t im Werk Elfershausen stimmen.<br \/>\nF\u00fcr den ohnehin strukturschwachen Landkreis Bad Kissingen, der von der Kur bzw. vom Tourismus gepr\u00e4gt ist, h\u00e4tte die Schlie\u00dfung fatale Auswirkungen auf den Arbeitsmarkt. Das Werk ist der gr\u00f6\u00dfte Arbeitgeber der Marktgemeinde Elfershausen mit vielen langj\u00e4hrigen Mitarbeitern.<\/p>\n<p>Der Landkreis fordert die Unternehmensleitung mit Nachdruck auf, sich mindestens an die bestehende Vereinbarung zu halten, den Standort bis 2020 zu erhalten, zumal die Belegschaft seit zehn Jahren hierf\u00fcr unentgeltlich f\u00fcnf Stunden pro Woche mehr arbeitet.<\/p>\n<p>Im Zuge der strategischen Neuausrichtung des Weltkonzerns darf es nicht sein, profitable Standorte im strukturschwachen l\u00e4ndlichen Raum zu schlie\u00dfen und daf\u00fcr u. a. Industriestandorte in Deutschland bzw. Standorte im Ausland weiter aufzuwerten.<\/p>\n<p>Der Kreistag von Bad Kissingen wehrt sich gegen den Wegfall der 270 Arbeitspl\u00e4tze im Landkreis Bad Kissingen und appelliert an die Entscheidungstr\u00e4ger von Schaeffler, den Standort Elfershausen in seiner jetzigen Gr\u00f6\u00dfe zu belassen und keine Arbeitspl\u00e4tze abzubauen.<\/p>\n<p>Der Kreistag fordert f\u00fcr den Landkreis Bad Kissingen und insbesondere f\u00fcr den Markt Elfershausen die Gelegenheit, in den Dialog um den Erhalt und die weitere Entwicklung des Produktionsstandortes Elfershausen einzutreten.<\/p>\n","protected":false},"excerpt":{"rendered":"<div class=\"tmnf_excerpt\"><p>Der Landkreis Bad Kissingen wendet sich mit aller Entschiedenheit gegen die geplante Schlie\u00dfung des Schaeffler-Werkes in Elfershausen. Eine solche unsoziale Entscheidung ist keineswegs hinzunehmen. Es ist nicht akzeptabel, dass bis Ende 2017 rund 270 Arbeitspl\u00e4tze ohne hinreichende Begr\u00fcndung an andere Standort im In- und Ausland verlagert werden sollen, zumal Zahlen und Qualit\u00e4t im Werk Elfershausen &hellip;<\/p>\n<\/div>","protected":false},"author":1,"featured_media":0,"comment_status":"closed","ping_status":"closed","sticky":false,"template":"","format":"standard","meta":{"footnotes":""},"categories":[1],"tags":[],"class_list":["post-157170","post","type-post","status-publish","format-standard","hentry","category-startseite"],"_links":{"self":[{"href":"https:\/\/www.fuldaernachrichten.de\/index.php?rest_route=\/wp\/v2\/posts\/157170","targetHints":{"allow":["GET"]}}],"collection":[{"href":"https:\/\/www.fuldaernachrichten.de\/index.php?rest_route=\/wp\/v2\/posts"}],"about":[{"href":"https:\/\/www.fuldaernachrichten.de\/index.php?rest_route=\/wp\/v2\/types\/post"}],"author":[{"embeddable":true,"href":"https:\/\/www.fuldaernachrichten.de\/index.php?rest_route=\/wp\/v2\/users\/1"}],"replies":[{"embeddable":true,"href":"https:\/\/www.fuldaernachrichten.de\/index.php?rest_route=%2Fwp%2Fv2%2Fcomments&post=157170"}],"version-history":[{"count":1,"href":"https:\/\/www.fuldaernachrichten.de\/index.php?rest_route=\/wp\/v2\/posts\/157170\/revisions"}],"predecessor-version":[{"id":157173,"href":"https:\/\/www.fuldaernachrichten.de\/index.php?rest_route=\/wp\/v2\/posts\/157170\/revisions\/157173"}],"wp:attachment":[{"href":"https:\/\/www.fuldaernachrichten.de\/index.php?rest_route=%2Fwp%2Fv2%2Fmedia&parent=157170"}],"wp:term":[{"taxonomy":"category","embeddable":true,"href":"https:\/\/www.fuldaernachrichten.de\/index.php?rest_route=%2Fwp%2Fv2%2Fcategories&post=157170"},{"taxonomy":"post_tag","embeddable":true,"href":"https:\/\/www.fuldaernachrichten.de\/index.php?rest_route=%2Fwp%2Fv2%2Ftags&post=157170"}],"curies":[{"name":"wp","href":"https:\/\/api.w.org\/{rel}","templated":true}]}}