{"id":157159,"date":"2016-11-16T22:08:23","date_gmt":"2016-11-16T21:08:23","guid":{"rendered":"http:\/\/www.fuldaer-nachrichten.de\/?p=157159"},"modified":"2016-11-16T22:08:23","modified_gmt":"2016-11-16T21:08:23","slug":"renovierung-des-secondhand-laedchens-der-muetze-durch-die-unterstuetzung-des-foerdervereins","status":"publish","type":"post","link":"https:\/\/www.fuldaernachrichten.de\/?p=157159","title":{"rendered":"Renovierung des Secondhand-L\u00e4dchens \u201eDer M\u00dcTZE\u201c durch die Unterst\u00fctzung des F\u00f6rdervereins"},"content":{"rendered":"<p>Mithilfe der finanziellen Unterst\u00fctzung des F\u00f6rdervereins der Bildungs- und Begegnungsst\u00e4tte M\u00fctterzentrum Fulda e. V., der die Renovierung des Raumes, d. h. die Malerarbeiten und einen neuen Fu\u00dfbodenbelag im Wert von 550,- \u00e2\u201a\u00ac \u00fcbernahm, konnte das Secondhand-L\u00e4dchen komplett renoviert werden.<br \/>\nEin inovatives Regalsystem schafft jetzt jede Menge Platz f\u00fcr gebrauchte Baby\/Kinderbekleidung und Kinderschuhe sowie Spielzeug und Spiele.<\/p>\n<p>Das &#8220;L\u00e4dchen&#8221; wurde mit einem kleinen Sektempfang wieder er\u00f6ffnet. Die Besucher\/Innen waren begeistert von der Freundlichkeit des Raumes und dem gr\u00f6\u00dferen Platzangebot.<\/p>\n<p>Kaufen und st\u00f6bern kann jeder Montag bis Freitag w\u00e4hrend der \u00d6ffnungszeiten. M\u00fctterzentrum e. V., Gallasiniring 8, 36043 Fulda.<\/p>\n","protected":false},"excerpt":{"rendered":"<div class=\"tmnf_excerpt\"><p>Mithilfe der finanziellen Unterst\u00fctzung des F\u00f6rdervereins der Bildungs- und Begegnungsst\u00e4tte M\u00fctterzentrum Fulda e. V., der die Renovierung des Raumes, d. h. die Malerarbeiten und einen neuen Fu\u00dfbodenbelag im Wert von 550,- \u00e2\u201a\u00ac \u00fcbernahm, konnte das Secondhand-L\u00e4dchen komplett renoviert werden. Ein inovatives Regalsystem schafft jetzt jede Menge Platz f\u00fcr gebrauchte Baby\/Kinderbekleidung und Kinderschuhe sowie Spielzeug und &hellip;<\/p>\n<\/div>","protected":false},"author":1,"featured_media":157167,"comment_status":"closed","ping_status":"closed","sticky":false,"template":"","format":"standard","meta":{"footnotes":""},"categories":[1],"tags":[],"class_list":["post-157159","post","type-post","status-publish","format-standard","has-post-thumbnail","hentry","category-startseite"],"_links":{"self":[{"href":"https:\/\/www.fuldaernachrichten.de\/index.php?rest_route=\/wp\/v2\/posts\/157159","targetHints":{"allow":["GET"]}}],"collection":[{"href":"https:\/\/www.fuldaernachrichten.de\/index.php?rest_route=\/wp\/v2\/posts"}],"about":[{"href":"https:\/\/www.fuldaernachrichten.de\/index.php?rest_route=\/wp\/v2\/types\/post"}],"author":[{"embeddable":true,"href":"https:\/\/www.fuldaernachrichten.de\/index.php?rest_route=\/wp\/v2\/users\/1"}],"replies":[{"embeddable":true,"href":"https:\/\/www.fuldaernachrichten.de\/index.php?rest_route=%2Fwp%2Fv2%2Fcomments&post=157159"}],"version-history":[{"count":1,"href":"https:\/\/www.fuldaernachrichten.de\/index.php?rest_route=\/wp\/v2\/posts\/157159\/revisions"}],"predecessor-version":[{"id":157168,"href":"https:\/\/www.fuldaernachrichten.de\/index.php?rest_route=\/wp\/v2\/posts\/157159\/revisions\/157168"}],"wp:featuredmedia":[{"embeddable":true,"href":"https:\/\/www.fuldaernachrichten.de\/index.php?rest_route=\/wp\/v2\/media\/157167"}],"wp:attachment":[{"href":"https:\/\/www.fuldaernachrichten.de\/index.php?rest_route=%2Fwp%2Fv2%2Fmedia&parent=157159"}],"wp:term":[{"taxonomy":"category","embeddable":true,"href":"https:\/\/www.fuldaernachrichten.de\/index.php?rest_route=%2Fwp%2Fv2%2Fcategories&post=157159"},{"taxonomy":"post_tag","embeddable":true,"href":"https:\/\/www.fuldaernachrichten.de\/index.php?rest_route=%2Fwp%2Fv2%2Ftags&post=157159"}],"curies":[{"name":"wp","href":"https:\/\/api.w.org\/{rel}","templated":true}]}}