{"id":157149,"date":"2016-11-16T22:04:01","date_gmt":"2016-11-16T21:04:01","guid":{"rendered":"http:\/\/www.fuldaer-nachrichten.de\/?p=157149"},"modified":"2016-11-16T22:04:01","modified_gmt":"2016-11-16T21:04:01","slug":"stellungnahme-des-ersten-kreisbeigeordneten-dr-jens-mischak-wirtschaftsdezernent-zum-teilregionalplan-energie","status":"publish","type":"post","link":"https:\/\/www.fuldaernachrichten.de\/?p=157149","title":{"rendered":"Stellungnahme des Ersten Kreisbeigeordneten Dr. Jens Mischak (Wirtschaftsdezernent) zum Teilregionalplan Energie."},"content":{"rendered":"<p>\u201eDie Vorreiterrolle des Vogelsbergkreises f\u00fchrt leider nicht zu einer ausreichenden Ber\u00fccksichtigung der kommunalen W\u00fcnsche\u201c<\/p>\n<p>\u201eWenn alle im Binnenland liegenden Landkreise Deutschlands einen solchen Grad der Versorgung mit erneuerbaren Energien vorweisen k\u00f6nnten, dann w\u00e4re die Energiewende fast schon geschafft. Mit Abstand hat der Vogelsbergkreis in Hessen in den vergangenen 20 Jahren eine Vorreiterrolle eingenommen. Der bilanzielle Deckungsgrad am regionalen Stromverbrauch liegt bei aktuell 150 Prozent.\u201c So kommentiert Wirtschaftsdezernent Dr. Jens Mischak die Beschlusslage zum neuen Teilregionalplan Energie.<\/p>\n<p>Leider wirke sich diese klare Vorleistung nicht ausreichend aus, was die berechtigten Interessen und W\u00fcnsche der Kommunen angeht. \u201eZum Teil wurden Gebiete ausgewiesen gegen die eindeutige und einstimmige Beschlusslage der kommunalen Vertretungsk\u00f6rperschaften\u201c, bem\u00e4ngelt der Vize-Landrat.<\/p>\n<p>Dies erscheine gerade vor dem Hintergrund der Akzeptanz regenerativer Energien vor Ort problematisch. Auch wenn es um das Ziel der Rechtssicherheit der Fachplanung gehe, d\u00fcrften die Interessen der Kommunen nicht au\u00dfer Acht gelassen werden. Dies betreffe sowohl die Situation, in der es um ein Mehr gehe \u2013 zum Beispiel an Windkraftanlagen &#8211;  als auch dort, wo Windkraftanlagen (WKA) verhindert werden sollten. \u201eSchon in der Vergangenheit ist es immer Leitlinie des Vogelsbergkreises gewesen, dass dort, wo es kommunale W\u00fcnsche f\u00fcr mehr WKA gab, diese auch unterst\u00fctzt wurden\u201c, so Erster Kreisbeigeordneter Dr. Jens Mischak. \u201eDie Fachbeh\u00f6rden der Kreisverwaltung haben bei ihren Stellungnahmen w\u00e4hrend der Offenlage stets die Interessenlagen der Vogelsberger Kommunen im Blick gehabt.\u201c<\/p>\n<p>Der Wirtschaftsdezernent stellt heraus, dass schon heute mit Abstand die meisten WKA hessenweit im Vogelsbergkreis stehen, n\u00e4mlich ein rund Drittel aller Anlagen. Hessen: rund 600 WKA, davon im Vogelsberg 210. Der bilanzielle Deckungsgrad erneuerbarer Energien am Gesamtstromverbrauch liege aktuell bei rund 150 Prozent. Der Vogelsbergkreis habe daher \u201ekeinen Nachholbedarf in Sachen Windkraft\u201c.<\/p>\n<p>Umso mehr sei verst\u00e4ndlich, wenn Vogelsberger B\u00fcrgerinnen und B\u00fcrger und ihre Kommunen Vergleiche anstellen mit der Frage: \u201eWie ist die Entwicklung in anderen Regionen Hessens?\u201c. Nicht zu verstehen sei hingegen die Festlegung, dass etwa in der Gemarkung Freiensteinau Vorrangfl\u00e4chen aus dem RP Bezirk Kassel herausgenommen wurden, w\u00e4hrend direkt angrenzende Gebiete im RP Bezirk Gie\u00dfen erhalten blieben.<\/p>\n","protected":false},"excerpt":{"rendered":"<div class=\"tmnf_excerpt\"><p>\u201eDie Vorreiterrolle des Vogelsbergkreises f\u00fchrt leider nicht zu einer ausreichenden Ber\u00fccksichtigung der kommunalen W\u00fcnsche\u201c \u201eWenn alle im Binnenland liegenden Landkreise Deutschlands einen solchen Grad der Versorgung mit erneuerbaren Energien vorweisen k\u00f6nnten, dann w\u00e4re die Energiewende fast schon geschafft. Mit Abstand hat der Vogelsbergkreis in Hessen in den vergangenen 20 Jahren eine Vorreiterrolle eingenommen. Der bilanzielle &hellip;<\/p>\n<\/div>","protected":false},"author":1,"featured_media":0,"comment_status":"closed","ping_status":"closed","sticky":false,"template":"","format":"standard","meta":{"footnotes":""},"categories":[1],"tags":[],"class_list":["post-157149","post","type-post","status-publish","format-standard","hentry","category-startseite"],"_links":{"self":[{"href":"https:\/\/www.fuldaernachrichten.de\/index.php?rest_route=\/wp\/v2\/posts\/157149","targetHints":{"allow":["GET"]}}],"collection":[{"href":"https:\/\/www.fuldaernachrichten.de\/index.php?rest_route=\/wp\/v2\/posts"}],"about":[{"href":"https:\/\/www.fuldaernachrichten.de\/index.php?rest_route=\/wp\/v2\/types\/post"}],"author":[{"embeddable":true,"href":"https:\/\/www.fuldaernachrichten.de\/index.php?rest_route=\/wp\/v2\/users\/1"}],"replies":[{"embeddable":true,"href":"https:\/\/www.fuldaernachrichten.de\/index.php?rest_route=%2Fwp%2Fv2%2Fcomments&post=157149"}],"version-history":[{"count":1,"href":"https:\/\/www.fuldaernachrichten.de\/index.php?rest_route=\/wp\/v2\/posts\/157149\/revisions"}],"predecessor-version":[{"id":157155,"href":"https:\/\/www.fuldaernachrichten.de\/index.php?rest_route=\/wp\/v2\/posts\/157149\/revisions\/157155"}],"wp:attachment":[{"href":"https:\/\/www.fuldaernachrichten.de\/index.php?rest_route=%2Fwp%2Fv2%2Fmedia&parent=157149"}],"wp:term":[{"taxonomy":"category","embeddable":true,"href":"https:\/\/www.fuldaernachrichten.de\/index.php?rest_route=%2Fwp%2Fv2%2Fcategories&post=157149"},{"taxonomy":"post_tag","embeddable":true,"href":"https:\/\/www.fuldaernachrichten.de\/index.php?rest_route=%2Fwp%2Fv2%2Ftags&post=157149"}],"curies":[{"name":"wp","href":"https:\/\/api.w.org\/{rel}","templated":true}]}}