{"id":157137,"date":"2016-11-16T22:01:15","date_gmt":"2016-11-16T21:01:15","guid":{"rendered":"http:\/\/www.fuldaer-nachrichten.de\/?p=157137"},"modified":"2016-11-16T22:01:15","modified_gmt":"2016-11-16T21:01:15","slug":"80-hauptamtliche-bei-fortbildung-zu-missionarischer-pastoral-mit-weihbischof-wilfried-theising-muenster","status":"publish","type":"post","link":"https:\/\/www.fuldaernachrichten.de\/?p=157137","title":{"rendered":"80 Hauptamtliche bei Fortbildung zu missionarischer Pastoral mit Weihbischof Wilfried Theising (M\u00fcnster)"},"content":{"rendered":"<p><a href=\"http:\/\/www.fuldaer-nachrichten.de\/wp-content\/uploads\/2016\/11\/dsc04403.jpg\"><img fetchpriority=\"high\" decoding=\"async\" src=\"http:\/\/www.fuldaer-nachrichten.de\/wp-content\/uploads\/2016\/11\/dsc04403-265x199.jpg\" alt=\"dsc04403\" width=\"265\" height=\"199\" class=\"alignleft size-thumbnail wp-image-157143\" srcset=\"https:\/\/www.fuldaernachrichten.de\/wp-content\/uploads\/2016\/11\/dsc04403-265x199.jpg 265w, https:\/\/www.fuldaernachrichten.de\/wp-content\/uploads\/2016\/11\/dsc04403-768x576.jpg 768w, https:\/\/www.fuldaernachrichten.de\/wp-content\/uploads\/2016\/11\/dsc04403-600x450.jpg 600w, https:\/\/www.fuldaernachrichten.de\/wp-content\/uploads\/2016\/11\/dsc04403.jpg 900w\" sizes=\"(max-width: 265px) 100vw, 265px\" \/><\/a>Zum sechsten Tagesseminar aus der Reihe \u201eWir sind gesandt! Bausteine einer missionarischen Pastoral\u201c waren 80 Hauptamtliche aus der Pastoral des Bistums aus allen Dekanaten ins Fuldaer Bonifatiushaus angereist. Bei dieser Fortbildung, die von Bischof Heinz Josef Algermissen und Weihbischof Prof. Dr. Karlheinz Diez begleitet wurde, ging es um den Weg einer missionarischen Pastoral unter ver\u00e4nderten Bedingungen, Ausblicke in der Abschlusswoche des Hl. Jahres der Barmherzigkeit und um Handlungsperspektiven 1 Jahr nach der Familiensynode. Die Veranstaltungsleitung hatten Thomas Bretz, Referent f\u00fcr Neuevangelisierung und Mitarbeiter in der Familienpastoral im Seelsorgeamt und Dechant Markus G\u00fcnther, Di\u00f6zesanbeauftragter f\u00fcr den Erwachsenenkatechumenat.<\/p>\n<p>Weihbischof Wilfried Theising, der Gastreferent aus der Di\u00f6zese M\u00fcnster, griff bei seinem Vortrag die Herausforderung von Papst Franziskus in dessen Schreiben \u00c2\u00b4Amoris Laeticia\u00c2\u00b4 auf, uns bei unserer pastoralen Arbeit einer \u201eanspruchsvollen Seelsorge\u201c zu vergewissern. \u201eDabei geht es immer darum, die Biografie des Einzelnen in den Blick zu nehmen und sich an dem Dreiklang: Begleiten, Unterscheiden und Einbeziehen zu orientieren.\u201c, so der Weihbischof, der im letzten Monat zum Leiter des Bisch\u00f6flich M\u00fcnsterschen Offizialats Oldenburg in Vechta berufen wurde. Theising, der auch der stellvertretende Vorsitzende der Kommission \u201eEhe und Familie\u201c der Deutschen Bischofskonferenz ist, erl\u00e4uterte eine anspruchsvolle Seelsorge u.a. bei zeitgem\u00e4\u00dfen Angeboten der Ehevorbereitung, der Ehebegleitung, der Erstkommunionkatechese und dem Engagement in Kindertagesst\u00e4tten. \u201eDas Schreiben des Papstes ist ein starker Impuls, das wir in unserer T\u00e4tigkeit nutzen sollten, mit Mut, Zuversicht und helfenden H\u00e4nden.\u201c, so der Gast aus M\u00fcnster. Intensiv wurde auch w\u00e4hrend der Pausen und in einer Gespr\u00e4chsrunde mit dem Referenten \u00fcber das Geh\u00f6rte ausgetauscht.<\/p>\n<p>Bei einer Austauschb\u00f6rse am Nachmittag haben Hauptamtliche der Di\u00f6zese 12 ganz verschiedene, lebendige Praxisbeispiele einer missionarischen Pastoral aus ihren Pfarreien und Pastoralverb\u00fcnden in Parallelworkshops kurz vorgestellt, um dar\u00fcber ins Gespr\u00e4ch kommen. <\/p>\n<p>Pastoralreferent Bj\u00f6rn Hirsch berichtete von \u00c2\u00b42 Jahre Citypastoral der Innenstadtpfarrei Fulda \u2013 Projektideen, Formen von Kirche, Erfahrungen\u00c2\u00b4. Gemeindereferentin Maria- Martina Fischer erl\u00e4uterte das Konzept der Erstkommunionvorbereitung im Pastoralverbund Hessisches Kegelspiel, das den gemeinsamen Weg von Eltern und Kindern hin zur Erstkommunion in den Blick nimmt. \u00c2\u00b4Die katholische Kindertagesst\u00e4tte hat Teil am missionarischen Auftrag der Kirche\u00c2\u00b4, lautete der Workshop von Gemeindereferentin Inge M\u00e4nnig aus Gro\u00dfauheim, bei dem sie mit Teilnehmern \u00fcber die Bedeutung und Konkretisierung dieses Auftrags sprach. Pfr. Armin Beck vom Referat Missionarische Dienste der Evangelischen Kirche von Kurhessen-Waldeck stellte eine Reihe gemeindemissionarischer Initiativen und Erfahrungen aus der evangelischen Kirche vor. Im begonnenen Reformationsgedenkjahr fand dieses Praxisbeispiel eine sehr positive Beachtung.<\/p>\n<p>\u201eBesonders hat mir die pastoral-kreative Atmosph\u00e4re und die Vielfalt der Angebote und Anregungen gefallen, trotz der F\u00fclle des Tages blieb gen\u00fcgend Zeit f\u00fcr Gespr\u00e4che\u201c, \u00e4u\u00dferten sich Teilnehmer bei der Reflexion. \u201eDieser Tag war f\u00fcr mich und meinen Dienst sehr relevant, ich habe Mitstreiter f\u00fcr meine Idee einer konkreten Veranstaltung gefunden\u201c, lautet eine weitere R\u00fcckmeldung. <\/p>\n<p>Am Ende des Tages kam die Gruppe zum gemeinsamen Vespergebet mit Weihbischof Wilfried Theising zusammen. Mit einem Lesungstext aus der Offenbarung des Johannes lud der Gast aus dem Bistum M\u00fcnster die Hauptamtlichen in der Seelsorge ein, sich \u00c2\u00b4der ersten Liebe zu erinnern\u00c2\u00b4, an die Motivation, warum dieser Berufsweg gew\u00e4hlt wurde immer wieder anzukn\u00fcpfen und in dieser Haltung Gottes Liebe an die Menschen weiterzugeben. <\/p>\n<p>Das n\u00e4chste Tagesseminar f\u00fcr Hauptamtliche in der Reihe \u201eWir sind gesandt! Bausteine einer missionarischen Pastoral\u201c, wird am 12. M\u00e4rz 2018 in Fulda stattfinden. Gastreferent ist dann Bischof Dr. Stephan Ackermann aus dem Bistum Trier.<\/p>\n","protected":false},"excerpt":{"rendered":"<div class=\"tmnf_excerpt\"><p>Zum sechsten Tagesseminar aus der Reihe \u201eWir sind gesandt! Bausteine einer missionarischen Pastoral\u201c waren 80 Hauptamtliche aus der Pastoral des Bistums aus allen Dekanaten ins Fuldaer Bonifatiushaus angereist. Bei dieser Fortbildung, die von Bischof Heinz Josef Algermissen und Weihbischof Prof. Dr. Karlheinz Diez begleitet wurde, ging es um den Weg einer missionarischen Pastoral unter ver\u00e4nderten &hellip;<\/p>\n<\/div>","protected":false},"author":1,"featured_media":157142,"comment_status":"closed","ping_status":"closed","sticky":false,"template":"","format":"standard","meta":{"footnotes":""},"categories":[1],"tags":[],"class_list":["post-157137","post","type-post","status-publish","format-standard","has-post-thumbnail","hentry","category-startseite"],"_links":{"self":[{"href":"https:\/\/www.fuldaernachrichten.de\/index.php?rest_route=\/wp\/v2\/posts\/157137","targetHints":{"allow":["GET"]}}],"collection":[{"href":"https:\/\/www.fuldaernachrichten.de\/index.php?rest_route=\/wp\/v2\/posts"}],"about":[{"href":"https:\/\/www.fuldaernachrichten.de\/index.php?rest_route=\/wp\/v2\/types\/post"}],"author":[{"embeddable":true,"href":"https:\/\/www.fuldaernachrichten.de\/index.php?rest_route=\/wp\/v2\/users\/1"}],"replies":[{"embeddable":true,"href":"https:\/\/www.fuldaernachrichten.de\/index.php?rest_route=%2Fwp%2Fv2%2Fcomments&post=157137"}],"version-history":[{"count":1,"href":"https:\/\/www.fuldaernachrichten.de\/index.php?rest_route=\/wp\/v2\/posts\/157137\/revisions"}],"predecessor-version":[{"id":157144,"href":"https:\/\/www.fuldaernachrichten.de\/index.php?rest_route=\/wp\/v2\/posts\/157137\/revisions\/157144"}],"wp:featuredmedia":[{"embeddable":true,"href":"https:\/\/www.fuldaernachrichten.de\/index.php?rest_route=\/wp\/v2\/media\/157142"}],"wp:attachment":[{"href":"https:\/\/www.fuldaernachrichten.de\/index.php?rest_route=%2Fwp%2Fv2%2Fmedia&parent=157137"}],"wp:term":[{"taxonomy":"category","embeddable":true,"href":"https:\/\/www.fuldaernachrichten.de\/index.php?rest_route=%2Fwp%2Fv2%2Fcategories&post=157137"},{"taxonomy":"post_tag","embeddable":true,"href":"https:\/\/www.fuldaernachrichten.de\/index.php?rest_route=%2Fwp%2Fv2%2Ftags&post=157137"}],"curies":[{"name":"wp","href":"https:\/\/api.w.org\/{rel}","templated":true}]}}