{"id":157128,"date":"2016-11-16T21:55:17","date_gmt":"2016-11-16T20:55:17","guid":{"rendered":"http:\/\/www.fuldaer-nachrichten.de\/?p=157128"},"modified":"2016-11-16T21:55:17","modified_gmt":"2016-11-16T20:55:17","slug":"peter-ceming-leitet-vhs-zweigstelle-petersberg","status":"publish","type":"post","link":"https:\/\/www.fuldaernachrichten.de\/?p=157128","title":{"rendered":"Peter Ceming leitet VHS-Zweigstelle Petersberg"},"content":{"rendered":"<p><a href=\"http:\/\/www.fuldaer-nachrichten.de\/wp-content\/uploads\/2016\/11\/564-VHS-Zweigstelle-Petersberg2.jpg\"><img decoding=\"async\" src=\"http:\/\/www.fuldaer-nachrichten.de\/wp-content\/uploads\/2016\/11\/564-VHS-Zweigstelle-Petersberg2-265x176.jpg\" alt=\"564-vhs-zweigstelle-petersberg2\" width=\"265\" height=\"176\" class=\"alignleft size-thumbnail wp-image-157135\" srcset=\"https:\/\/www.fuldaernachrichten.de\/wp-content\/uploads\/2016\/11\/564-VHS-Zweigstelle-Petersberg2-265x176.jpg 265w, https:\/\/www.fuldaernachrichten.de\/wp-content\/uploads\/2016\/11\/564-VHS-Zweigstelle-Petersberg2-768x511.jpg 768w, https:\/\/www.fuldaernachrichten.de\/wp-content\/uploads\/2016\/11\/564-VHS-Zweigstelle-Petersberg2-600x399.jpg 600w, https:\/\/www.fuldaernachrichten.de\/wp-content\/uploads\/2016\/11\/564-VHS-Zweigstelle-Petersberg2.jpg 900w\" sizes=\"(max-width: 265px) 100vw, 265px\" \/><\/a>Peter Ceming, Leiter der Zweigstelle Petersberg der Volkshochschule des Landkreises Fulda, ist seinen Kunden auch r\u00e4umlich nahe. Der 57-j\u00e4hrige arbeitet im Hauptberuf bei der Gemeindeverwaltung Petersberg und verantwortet dort als stellvertretender Leiter Zentrale Dienste den Bereich Sozial- und Vereinswesen, zu dem unter anderem die Seniorenbetreuung z\u00e4hlt. Aus seinem B\u00fcro im Rathaus kann er zum Propsteihaus schauen, in dem viele VHS-Kurse stattfinden, darunter auch f\u00fcr Senioren.<\/p>\n<p>Eine Besonderheit unterscheidet den Diplom-Sozialarbeiter von den allermeisten Zweigstel-lenleitern bei der Volkshochschule. Das Amt wurde ihm vor mittlerweile 21 Jahren durch ei-nen Beschluss des Gemeindevorstands \u00fcbertragen. Zuvor war Raimund Krieger VHS-Zweigstellenleiter, der ebenfalls bei der Gemeindeverwaltung besch\u00e4ftigt ist. Zu den Aufga-ben des Zweigstellenleiters geh\u00f6ren die Beantwortung von Anfragen zu Kursen, die Entge-gennahme und Weiterleitung von Anmeldungen, die Planung der Kursbelegung in Dorfge-meinschaftsh\u00e4usern und Schulen sowie die Ver\u00f6ffentlichung des VHS-Programms zum Bei-spiel im gemeindlichen Mitteilungsblatt.<\/p>\n<p>Pro Semester umfasst das Angebot der VHS-Zweigstelle Petersberg zwischen 15 und 20 Kursen, die im Winter- und im Sommerhalbjahr stattfinden. Peter Ceming und seine Mitarbei-terin Edith Kl\u00fcber sind neben dem zentralen Veranstaltungsort Propsteihaus f\u00fcr die Bewoh-ner der Kerngemeinde um ein ortsnahes Angebot in den Ortsteilen bem\u00fcht. Auch m\u00f6chten sie keine Konkurrenzsituation mit den in Petersberg sehr aktiven Vereinen entstehen lassen, sondern sehen die Volkshochschule in einer erg\u00e4nzenden Rolle. Dies schlie\u00dfe jedoch nicht aus, dass man manchmal Vorreiter zum Beispiel bei gerade aktuellen T\u00e4nzen oder bestimm-ten Gesundheitstrends sei.<\/p>\n<p>Offensichtlich den Geschmack getroffen hat Peter Ceming mit dem Kurs \u201eGed\u00e4chtnistraining 60plus\u201c im Propsteihaus, der schon zum wiederholten Mal von Angelika Wahl geleitet wird und sich einer regen Nachfrage erfreut. Die gelte auch f\u00fcr die anderen Seniorenangebote gerade in der Kerngemeinde wie R\u00fcckengymnastik, Kl\u00f6ppeln oder Yoga. Fast alle h\u00e4tten einen festen Stamm von Teilnehmern und stellten die soziale Funktion der Volkshochschule unter Beweis, den zwischenmenschlichen Kontakt und Austausch bis hin zur Nachbar-schaftshilfe zu f\u00f6rdern. Gleichwohl sei die VHS-Zweigstelle Petersberg weit davon entfernt, zu einer Senioreneinrichtung zu werden. <\/p>\n<p>\u201eBei unserer Altersstruktur stimmt die Mischung\u201c, betont Ceming. So gebe es relativ viele Eltern-Kind-Kurse, und auch die Fitnessangebote gegen den zunehmenden Bewegungs-mangel betr\u00e4fen alle Generationen. F\u00fcr ausbauf\u00e4hig h\u00e4lt der Zweigstellenleiter in diesem Bereich die Zusammenarbeit mit Vereinen, Schulen und Kinderg\u00e4rten. Grunds\u00e4tzlich sieht er aber die Schwierigkeit, Kursleiter nicht nur f\u00fcr die \u00fcblichen Unterrichtszeiten am Nachmittag und Abend zu finden. Dennoch bleibt er optimistisch, dass die Volkshochschule auch k\u00fcnftig dem Anspruch gerecht werden k\u00f6nne, Bildung und Pers\u00f6nlichkeitsentwicklung zu g\u00fcnstigen Preisen zu erm\u00f6glichen.<\/p>\n","protected":false},"excerpt":{"rendered":"<div class=\"tmnf_excerpt\"><p>Peter Ceming, Leiter der Zweigstelle Petersberg der Volkshochschule des Landkreises Fulda, ist seinen Kunden auch r\u00e4umlich nahe. Der 57-j\u00e4hrige arbeitet im Hauptberuf bei der Gemeindeverwaltung Petersberg und verantwortet dort als stellvertretender Leiter Zentrale Dienste den Bereich Sozial- und Vereinswesen, zu dem unter anderem die Seniorenbetreuung z\u00e4hlt. Aus seinem B\u00fcro im Rathaus kann er zum Propsteihaus &hellip;<\/p>\n<\/div>","protected":false},"author":1,"featured_media":157134,"comment_status":"closed","ping_status":"closed","sticky":false,"template":"","format":"standard","meta":{"footnotes":""},"categories":[1],"tags":[],"class_list":["post-157128","post","type-post","status-publish","format-standard","has-post-thumbnail","hentry","category-startseite"],"_links":{"self":[{"href":"https:\/\/www.fuldaernachrichten.de\/index.php?rest_route=\/wp\/v2\/posts\/157128","targetHints":{"allow":["GET"]}}],"collection":[{"href":"https:\/\/www.fuldaernachrichten.de\/index.php?rest_route=\/wp\/v2\/posts"}],"about":[{"href":"https:\/\/www.fuldaernachrichten.de\/index.php?rest_route=\/wp\/v2\/types\/post"}],"author":[{"embeddable":true,"href":"https:\/\/www.fuldaernachrichten.de\/index.php?rest_route=\/wp\/v2\/users\/1"}],"replies":[{"embeddable":true,"href":"https:\/\/www.fuldaernachrichten.de\/index.php?rest_route=%2Fwp%2Fv2%2Fcomments&post=157128"}],"version-history":[{"count":1,"href":"https:\/\/www.fuldaernachrichten.de\/index.php?rest_route=\/wp\/v2\/posts\/157128\/revisions"}],"predecessor-version":[{"id":157136,"href":"https:\/\/www.fuldaernachrichten.de\/index.php?rest_route=\/wp\/v2\/posts\/157128\/revisions\/157136"}],"wp:featuredmedia":[{"embeddable":true,"href":"https:\/\/www.fuldaernachrichten.de\/index.php?rest_route=\/wp\/v2\/media\/157134"}],"wp:attachment":[{"href":"https:\/\/www.fuldaernachrichten.de\/index.php?rest_route=%2Fwp%2Fv2%2Fmedia&parent=157128"}],"wp:term":[{"taxonomy":"category","embeddable":true,"href":"https:\/\/www.fuldaernachrichten.de\/index.php?rest_route=%2Fwp%2Fv2%2Fcategories&post=157128"},{"taxonomy":"post_tag","embeddable":true,"href":"https:\/\/www.fuldaernachrichten.de\/index.php?rest_route=%2Fwp%2Fv2%2Ftags&post=157128"}],"curies":[{"name":"wp","href":"https:\/\/api.w.org\/{rel}","templated":true}]}}