{"id":157111,"date":"2016-11-16T21:49:47","date_gmt":"2016-11-16T20:49:47","guid":{"rendered":"http:\/\/www.fuldaer-nachrichten.de\/?p=157111"},"modified":"2016-11-16T21:49:47","modified_gmt":"2016-11-16T20:49:47","slug":"generalvikar-besuchte-mit-caritas-vertretern-fluechtlingsprojekt-in-gelnhausen","status":"publish","type":"post","link":"https:\/\/www.fuldaernachrichten.de\/?p=157111","title":{"rendered":"Generalvikar besuchte mit Caritas-Vertretern Fl\u00fcchtlingsprojekt in Gelnhausen"},"content":{"rendered":"<p>Seit der Caritasverband f\u00fcr die Di\u00f6zese Fulda im vergangenen Jahr von der Bistumsleitung mit der Koordination der kirchlichen Fl\u00fcchtlingshilfe in der gesamten Di\u00f6zese beauftragt worden war, hat sich Generalvikar Prof. Dr. Gerhard Stanke immer wieder durch Besuche in Einrichtungen der Fl\u00fcchtlingshilfe ein pers\u00f6nliches Bild gemacht.<br \/>\nIn Begleitung von Di\u00f6zesan-Caritasdirektor Dr. Markus Juch, dem Caritas-Aufsichtsratsvorsitzenden Msgr. Elmar Gurk, dem Fl\u00fcchtlingsbeauftragten f\u00fcr das Bistum, Caritas-Referent Franz Meyer  reiste er zum Abschluss der diesj\u00e4hrigen Tour de Caritas zu Projektbesuchen in den Main-Kinzig-Kreis. Mit dabei waren gleichfalls die Koordinatorin f\u00fcr die ehrenamtliche Fl\u00fcchtlingshilfe Yvonne Hartmann und die Gemeindecaritas-Referentin Daniela Manke. Erste Station war eine Gemeinschaftsunterkunft im ehemaligen Kreiswehrersatzamt auf dem  alten Kasernengel\u00e4nde der Bundesanstalt f\u00fcr Immobilienaufgaben (BiMA). Diese Unterkunft bietet Platz f\u00fcr bis zu 400 Menschen. Derzeit leben rund 210 gefl\u00fcchtete Personen in der Einrichtung.<br \/>\nIm Gespr\u00e4ch mit dem Gesch\u00e4ftsf\u00fchrer des Caritas-Verbandes f\u00fcr den Main-Kinzig-Kreis (RCV MK), Robert Fl\u00f6rchinger, und dem Beratungsstellenleiter des RCV, Ingo Bischoff, wurde deutlich, dass nach einem turbulenten Start der Arbeit und \u00dcberwindung zahlreicher Hindernisse inzwischen viele kleine Erfolge zu verzeichnen sind. In enger Zusammenarbeit mit der Stadt und weiteren Tr\u00e4gern konnten stabile Strukturen und verl\u00e4ssliche Ansprechpartner installiert werden. Gefl\u00fcchtete Menschen haben so die M\u00f6glichkeit, wirklich zur Ruhe zu kommen und ihre weiteren Perspektiven zu \u00fcberpr\u00fcfen. <\/p>\n<p>Als kritischen Punkt erkannte man in der Gespr\u00e4chsrunde den herrschenden Wohnraummangel. Dieses Problem besteht jedoch nicht nur im Main-Kinzig-Kreis, sondern auch in anderen Gebieten, so der Fl\u00fcchtlingsbeauftragte der Stadt Gelnhausen, Dieter Klumb. Man m\u00fcsse nun von der Willkommenskultur zu einer nachhaltigen Integration gelangen und zus\u00e4tzlich auch Menschen wieder verabschieden, da viele der Fl\u00fcchtlinge keine Aufenthaltsbewilligung erhielten. <\/p>\n<p>Die Koordination einzelner Aspekte der Integration m\u00fcsse durch die verschiedenen regionalen Caritasverb\u00e4nde dezentral erfolgen, res\u00fcmierte Caritasdirektor Juch. Im Anschluss an den regen Austausch \u00fcberreichte Generalvikar Stanke eine B\u00fccherkiste f\u00fcr die Fl\u00fcchtlingskinder an Ingo Bischoff und bedankte sich f\u00fcr die informative Gespr\u00e4chsrunde. <\/p>\n<p>Wie hilfreich eine koordinierte Unterst\u00fctzung durch Ehrenamtliche sein kann, zeigte an der zweiten Station der Informationsfahrt das Ehrenamtskonzept aus Freigericht. Maria Seipel, Ehrenamtskoordinatorin f\u00fcr den Main-Kinzig Kreis, erl\u00e4uterte, dass sich die enge Zusammenarbeit aller Akteure als besonders bedeutsam erwiesen habe: So entstanden  innerhalb des Projektes unterschiedliche Arbeitsgruppen zur Umsetzung einer nachhaltigen Integration, wobei ein Gro\u00dfteil der Aufgaben von ehrenamtlich t\u00e4tigen Menschen umgesetzt werde. Vor einem erweiterten Personenkreis, im Pfarrsaal der Gemeinde St. Peter und Paul, wurde das Gesamtprojekt dem Generalvikar sowie den Caritas-G\u00e4sten aus Fulda durch die ans\u00e4ssige Ehrenamtskoordinatorin und eine Ehrenamtliche vorgestellt. <\/p>\n<p>Desweitern wurden von Dechant Markus G\u00fcnther verschiedene pfarrgemeindliche Angebote zur Unterst\u00fctzung der Fl\u00fcchtlingshilfe vorgestellt. Die Kirchengemeinde sei tief in Gelnhausen verankert und trage zu einem positiven und interkulturellem Zusammenleben bei, so Pfarrer G\u00fcnther.<\/p>\n","protected":false},"excerpt":{"rendered":"<div class=\"tmnf_excerpt\"><p>Seit der Caritasverband f\u00fcr die Di\u00f6zese Fulda im vergangenen Jahr von der Bistumsleitung mit der Koordination der kirchlichen Fl\u00fcchtlingshilfe in der gesamten Di\u00f6zese beauftragt worden war, hat sich Generalvikar Prof. Dr. Gerhard Stanke immer wieder durch Besuche in Einrichtungen der Fl\u00fcchtlingshilfe ein pers\u00f6nliches Bild gemacht. In Begleitung von Di\u00f6zesan-Caritasdirektor Dr. Markus Juch, dem Caritas-Aufsichtsratsvorsitzenden Msgr. &hellip;<\/p>\n<\/div>","protected":false},"author":1,"featured_media":157125,"comment_status":"closed","ping_status":"closed","sticky":false,"template":"","format":"standard","meta":{"footnotes":""},"categories":[1],"tags":[],"class_list":["post-157111","post","type-post","status-publish","format-standard","has-post-thumbnail","hentry","category-startseite"],"_links":{"self":[{"href":"https:\/\/www.fuldaernachrichten.de\/index.php?rest_route=\/wp\/v2\/posts\/157111","targetHints":{"allow":["GET"]}}],"collection":[{"href":"https:\/\/www.fuldaernachrichten.de\/index.php?rest_route=\/wp\/v2\/posts"}],"about":[{"href":"https:\/\/www.fuldaernachrichten.de\/index.php?rest_route=\/wp\/v2\/types\/post"}],"author":[{"embeddable":true,"href":"https:\/\/www.fuldaernachrichten.de\/index.php?rest_route=\/wp\/v2\/users\/1"}],"replies":[{"embeddable":true,"href":"https:\/\/www.fuldaernachrichten.de\/index.php?rest_route=%2Fwp%2Fv2%2Fcomments&post=157111"}],"version-history":[{"count":1,"href":"https:\/\/www.fuldaernachrichten.de\/index.php?rest_route=\/wp\/v2\/posts\/157111\/revisions"}],"predecessor-version":[{"id":157126,"href":"https:\/\/www.fuldaernachrichten.de\/index.php?rest_route=\/wp\/v2\/posts\/157111\/revisions\/157126"}],"wp:featuredmedia":[{"embeddable":true,"href":"https:\/\/www.fuldaernachrichten.de\/index.php?rest_route=\/wp\/v2\/media\/157125"}],"wp:attachment":[{"href":"https:\/\/www.fuldaernachrichten.de\/index.php?rest_route=%2Fwp%2Fv2%2Fmedia&parent=157111"}],"wp:term":[{"taxonomy":"category","embeddable":true,"href":"https:\/\/www.fuldaernachrichten.de\/index.php?rest_route=%2Fwp%2Fv2%2Fcategories&post=157111"},{"taxonomy":"post_tag","embeddable":true,"href":"https:\/\/www.fuldaernachrichten.de\/index.php?rest_route=%2Fwp%2Fv2%2Ftags&post=157111"}],"curies":[{"name":"wp","href":"https:\/\/api.w.org\/{rel}","templated":true}]}}