{"id":157103,"date":"2016-11-16T21:40:22","date_gmt":"2016-11-16T20:40:22","guid":{"rendered":"http:\/\/www.fuldaer-nachrichten.de\/?p=157103"},"modified":"2016-11-16T21:40:22","modified_gmt":"2016-11-16T20:40:22","slug":"rund-um-die-pflegeversicherung-information-am-22-11-im-malteser-hospiz-zentrum","status":"publish","type":"post","link":"https:\/\/www.fuldaernachrichten.de\/?p=157103","title":{"rendered":"Rund um die Pflegeversicherung &#8211; Information am 22. 11. im Malteser Hospiz-Zentrum"},"content":{"rendered":"<p>Die Pflegeversicherung ist ein wichtiger Teil der Sozialversicherung. Angesichts des demografischen Wandels gilt sie als unverzichtbares Element der Versorgung. \u00dcber die Leistungen der Pflegeversicherung informiert am Dienstag, 22. November, ab 18 Uhr  Martin Kersting, Dipl.-Sozialarbeiter beim Pflegest\u00fctzpunkt  Landkreis Fulda in einem Vortrag im Hospiz-Zentrum der Malteser am Gerloser Weg 20 ((1. Stock im Zentrum Vital). Er erl\u00e4utert die Arbeit des Pflegest\u00fctzpunktes, die Leistungen der Pflegeversicherungen und die \u00c4nderungen durch das Pflegest\u00e4rkungsgesetz ab dem 1. Januar 2017. Im kommenden Jahr werden die Pflegestufen auf Pflegegrade umgestellt, der Hilfsbedarf wird nicht mehr nach Minuten, sondern ganzheitlich erfasst und soll bessere Leistungen f\u00fcr Menschen mit eingeschr\u00e4nkter Alltagskompetenz (z. B. bei Demenzerkrankungen, geistigen Behinderungen, chronischen und\/oder psychische Erkrankungen) bringen. Der Vortrag richtet sich an alle Interessierten, die sich \u00fcber m\u00f6gliche Leistungen und \u00c4nderungen informieren m\u00f6chten. Anmeldung werden erbeten unter hospizzentrum.fulda@malteser.org oder unter Telefon 0661 480 272-0. Weitere Informationen unter www. malteser-fulda.de.<\/p>\n","protected":false},"excerpt":{"rendered":"<div class=\"tmnf_excerpt\"><p>Die Pflegeversicherung ist ein wichtiger Teil der Sozialversicherung. Angesichts des demografischen Wandels gilt sie als unverzichtbares Element der Versorgung. \u00dcber die Leistungen der Pflegeversicherung informiert am Dienstag, 22. November, ab 18 Uhr Martin Kersting, Dipl.-Sozialarbeiter beim Pflegest\u00fctzpunkt Landkreis Fulda in einem Vortrag im Hospiz-Zentrum der Malteser am Gerloser Weg 20 ((1. Stock im Zentrum Vital). &hellip;<\/p>\n<\/div>","protected":false},"author":1,"featured_media":0,"comment_status":"closed","ping_status":"closed","sticky":false,"template":"","format":"standard","meta":{"footnotes":""},"categories":[1],"tags":[],"class_list":["post-157103","post","type-post","status-publish","format-standard","hentry","category-startseite"],"_links":{"self":[{"href":"https:\/\/www.fuldaernachrichten.de\/index.php?rest_route=\/wp\/v2\/posts\/157103","targetHints":{"allow":["GET"]}}],"collection":[{"href":"https:\/\/www.fuldaernachrichten.de\/index.php?rest_route=\/wp\/v2\/posts"}],"about":[{"href":"https:\/\/www.fuldaernachrichten.de\/index.php?rest_route=\/wp\/v2\/types\/post"}],"author":[{"embeddable":true,"href":"https:\/\/www.fuldaernachrichten.de\/index.php?rest_route=\/wp\/v2\/users\/1"}],"replies":[{"embeddable":true,"href":"https:\/\/www.fuldaernachrichten.de\/index.php?rest_route=%2Fwp%2Fv2%2Fcomments&post=157103"}],"version-history":[{"count":1,"href":"https:\/\/www.fuldaernachrichten.de\/index.php?rest_route=\/wp\/v2\/posts\/157103\/revisions"}],"predecessor-version":[{"id":157109,"href":"https:\/\/www.fuldaernachrichten.de\/index.php?rest_route=\/wp\/v2\/posts\/157103\/revisions\/157109"}],"wp:attachment":[{"href":"https:\/\/www.fuldaernachrichten.de\/index.php?rest_route=%2Fwp%2Fv2%2Fmedia&parent=157103"}],"wp:term":[{"taxonomy":"category","embeddable":true,"href":"https:\/\/www.fuldaernachrichten.de\/index.php?rest_route=%2Fwp%2Fv2%2Fcategories&post=157103"},{"taxonomy":"post_tag","embeddable":true,"href":"https:\/\/www.fuldaernachrichten.de\/index.php?rest_route=%2Fwp%2Fv2%2Ftags&post=157103"}],"curies":[{"name":"wp","href":"https:\/\/api.w.org\/{rel}","templated":true}]}}