{"id":15709,"date":"2008-12-05T00:07:40","date_gmt":"2008-12-04T23:07:40","guid":{"rendered":"http:\/\/www.schoene-nachrichten.de\/?p=15709"},"modified":"2008-12-15T13:04:01","modified_gmt":"2008-12-15T12:04:01","slug":"ich-wuensch-mir-eine-streitaxt-weihnachtliches-mit-duelle-einem-damenduo-von-grossem-kaliber","status":"publish","type":"post","link":"https:\/\/www.fuldaernachrichten.de\/?p=15709","title":{"rendered":"\u201eICH W\u00dcNSCH MIR EINE STREITAXT\u201c  Weihnachtliches mit DUELLE, einem Damenduo von gro\u00dfem Kaliber"},"content":{"rendered":"<p><strong><a title=\"071210_duelle.jpg\" rel=\"lightbox[roadtrip]\" href=\"http:\/\/www.schoene-nachrichten.de\/wp-content\/uploads\/2007\/12\/071210_duelle.jpg\" target=\"_blank\"><img decoding=\"async\" src=\"http:\/\/www.schoene-nachrichten.de\/wp-content\/uploads\/2007\/12\/071210_duelle.thumbnail.jpg\" alt=\"071210_duelle.jpg\" hspace=\"5\" align=\"left\" \/><\/a>Termin. <\/strong>Weihnachten \u2013 Fest der Vergebung, des Friedens, der Liebe und der Familie. Wir alle wissen, dass das nicht immer zusammenpasst. Muss ja auch nicht. Sieht man ja, was dabei herauskommt, wenn man die Harmonie erzwingen will, zum Beispiel im Nahen Osten, aber auch bei den Krauses nebenan. Und solange Nord- und S\u00fcdkorea nicht wiedervereint sind, sehe ich auch schwarz f\u00fcr meine Tante und ihre Schw\u00e4gerin. Da gen\u00fcgt dann oft schon ein nichtiger Anlass wie dasselbe Kleid oder ein nuklearer Erstschlag und schon ist es wieder Essig mit dem s\u00fc\u00dfen Idyll, das meist sowieso nur unter gr\u00f6\u00dften M\u00fchen aufrechterhalten wird. Dass es den Menschen ausgerechnet an Heiligabend noch schwerer f\u00e4llt sich zusammenzurei\u00dfen, belegen Jahr f\u00fcr Jahr die Polizeistatistiken.<!--more--><\/p>\n<p><strong>Video von letztem Jahr ansehen mit:<\/strong> <a href=\"http:\/\/www.schoene-nachrichten.de\/wp-content\/uploads\/2007\/12\/071224_Marianne.wmv\" target=\"_blank\">Windows Media Player<\/a> oder <a href=\"http:\/\/www.schoene-nachrichten.de\/Video\/071224_Marianne.rmvb\" target=\"_blank\">Real Media Player<\/a><\/p>\n<p>So gesehen ist es ein Wunder, dass die zwei Comedy-Damen Marianne Blum und Marina Gajda immer noch gemeinsam musizieren und mitunter sogar miteinander sprechen, aber schlie\u00dflich ist ja Weihnachten, und damit die richtige Zeit f\u00fcr Wunder.<\/p>\n<p>Das weihnachtliche Kabarett-Vergn\u00fcgen \u201eIch w\u00fcnsch mir eine Streitaxt\u201c bietet neben dem zu recht ger\u00fchmten hintersinnigen Humor des Duos DUELLE wieder etliche musikalische Perlen der E- und U-Musik. Dar\u00fcber hinaus darf man gerade im Fuldaer Land nicht verschweigen, dass sich Blum &amp; Gajda prominente Unterst\u00fctzung von Wolf &amp; Bleuel geholt haben. Bevor die Karten f\u00fcr die Vorstellung am Donnerstag, den 11.12. um 20 Uhr im Kulturkeller also weg sind, besorgen Sie sich schnell welche. Sie kosten 12 Euro an der Abendkasse und l\u00e4cherliche 9 Euro (+ Geb\u00fchr) im Vorverkauf.<\/p>\n<p><strong>Infos unter Tel.: 0661-240 230, Vvk-Stellen: Fuldaer Zeitung 0661 \u2013 280 644, Museumscaf\u00e9 und <a href=\"http:\/\/www.kreuz.com\" target=\"_blank\">www.kreuz.com<\/a><\/strong><\/p>\n","protected":false},"excerpt":{"rendered":"<div class=\"tmnf_excerpt\"><p>Termin. Weihnachten \u2013 Fest der Vergebung, des Friedens, der Liebe und der Familie. Wir alle wissen, dass das nicht immer zusammenpasst. Muss ja auch nicht. Sieht man ja, was dabei herauskommt, wenn man die Harmonie erzwingen will, zum Beispiel im Nahen Osten, aber auch bei den Krauses nebenan. Und solange Nord- und S\u00fcdkorea nicht wiedervereint &hellip;<\/p>\n<\/div>","protected":false},"author":1,"featured_media":0,"comment_status":"closed","ping_status":"closed","sticky":false,"template":"","format":"standard","meta":{"footnotes":""},"categories":[1,79],"tags":[],"class_list":["post-15709","post","type-post","status-publish","format-standard","hentry","category-startseite","category-kino"],"_links":{"self":[{"href":"https:\/\/www.fuldaernachrichten.de\/index.php?rest_route=\/wp\/v2\/posts\/15709","targetHints":{"allow":["GET"]}}],"collection":[{"href":"https:\/\/www.fuldaernachrichten.de\/index.php?rest_route=\/wp\/v2\/posts"}],"about":[{"href":"https:\/\/www.fuldaernachrichten.de\/index.php?rest_route=\/wp\/v2\/types\/post"}],"author":[{"embeddable":true,"href":"https:\/\/www.fuldaernachrichten.de\/index.php?rest_route=\/wp\/v2\/users\/1"}],"replies":[{"embeddable":true,"href":"https:\/\/www.fuldaernachrichten.de\/index.php?rest_route=%2Fwp%2Fv2%2Fcomments&post=15709"}],"version-history":[{"count":5,"href":"https:\/\/www.fuldaernachrichten.de\/index.php?rest_route=\/wp\/v2\/posts\/15709\/revisions"}],"predecessor-version":[{"id":15714,"href":"https:\/\/www.fuldaernachrichten.de\/index.php?rest_route=\/wp\/v2\/posts\/15709\/revisions\/15714"}],"wp:attachment":[{"href":"https:\/\/www.fuldaernachrichten.de\/index.php?rest_route=%2Fwp%2Fv2%2Fmedia&parent=15709"}],"wp:term":[{"taxonomy":"category","embeddable":true,"href":"https:\/\/www.fuldaernachrichten.de\/index.php?rest_route=%2Fwp%2Fv2%2Fcategories&post=15709"},{"taxonomy":"post_tag","embeddable":true,"href":"https:\/\/www.fuldaernachrichten.de\/index.php?rest_route=%2Fwp%2Fv2%2Ftags&post=15709"}],"curies":[{"name":"wp","href":"https:\/\/api.w.org\/{rel}","templated":true}]}}