{"id":157089,"date":"2016-11-16T21:38:22","date_gmt":"2016-11-16T20:38:22","guid":{"rendered":"http:\/\/www.fuldaer-nachrichten.de\/?p=157089"},"modified":"2016-11-16T21:38:22","modified_gmt":"2016-11-16T20:38:22","slug":"ausbildungsevent-gastroberufe-geht-in-die-zweite-runde","status":"publish","type":"post","link":"https:\/\/www.fuldaernachrichten.de\/?p=157089","title":{"rendered":"Ausbildungsevent Gastroberufe geht in die zweite Runde"},"content":{"rendered":"<p>Einen Tisch gekonnt eindecken, hinter die K\u00fcchen-Kulissen schauen und in pers\u00f6nlichen Gespr\u00e4chen vielf\u00e4ltige Infos erhalten \u2013 das steht im Blickpunkt des zweiten Fuldaer Ausbildungsevents \u201eGastro-Berufe\u201c. Jugendliche und ihre Eltern sind ebenso wie weitere Interessenten herzlich eingeladen, sich am Freitag, 18.11. in der Zeit von 12.00 bis 17.00 Uhr in den Lehrr\u00e4umen der Eduard-Stieler-Schule, Br\u00fcder-Grimm-Stra\u00dfe 5, 36037 Fulda zu informieren. Zahlreiche Betriebe aus der Region werden mit ihren Teams vor Ort sein, um \u00fcber Ausbildung und berufliche M\u00f6glichkeiten Auskunft zu geben. Daneben kann jeder Gast die leckeren Kostproben aus der Gastronomie genie\u00dfen, beim Live-Cooking den K\u00f6chen \u00fcber die Schulter schauen und an den zahlreichen St\u00e4nden mit den Betreuern ins Gespr\u00e4ch kommen. Ebenfalls an diesem Tag wird die Sieger-Klasse des Wettbewerbs \u201eHeimat\u201c gek\u00fcrt. Als 1. Preis winkt das Sponsoring einer Klassenparty. Doch auch die weiteren Platzierungen sind mit attraktiven Preisen verbunden. \u00dcbrigens: Bis Freitag, 18.11. k\u00f6nnen die Fotos der Tellerkreationen \u201eRh\u00f6ner Brotzeit\u201c auf Facebook unter <a href=\"http:\/\/www.facebook.com\/projektheimat\">www.facebook.com\/projektheimat<\/a> bewertet werden und flie\u00dfen in das Gesamtergebnis mit ein.<\/p>\n<p><a href=\"http:\/\/www.gastro-ausbildung.de\">www.gastro-ausbildung.de<\/a><\/p>\n","protected":false},"excerpt":{"rendered":"<div class=\"tmnf_excerpt\"><p>Einen Tisch gekonnt eindecken, hinter die K\u00fcchen-Kulissen schauen und in pers\u00f6nlichen Gespr\u00e4chen vielf\u00e4ltige Infos erhalten \u2013 das steht im Blickpunkt des zweiten Fuldaer Ausbildungsevents \u201eGastro-Berufe\u201c. Jugendliche und ihre Eltern sind ebenso wie weitere Interessenten herzlich eingeladen, sich am Freitag, 18.11. in der Zeit von 12.00 bis 17.00 Uhr in den Lehrr\u00e4umen der Eduard-Stieler-Schule, Br\u00fcder-Grimm-Stra\u00dfe 5, &hellip;<\/p>\n<\/div>","protected":false},"author":1,"featured_media":0,"comment_status":"closed","ping_status":"closed","sticky":false,"template":"","format":"standard","meta":{"footnotes":""},"categories":[1],"tags":[],"class_list":["post-157089","post","type-post","status-publish","format-standard","hentry","category-startseite"],"_links":{"self":[{"href":"https:\/\/www.fuldaernachrichten.de\/index.php?rest_route=\/wp\/v2\/posts\/157089","targetHints":{"allow":["GET"]}}],"collection":[{"href":"https:\/\/www.fuldaernachrichten.de\/index.php?rest_route=\/wp\/v2\/posts"}],"about":[{"href":"https:\/\/www.fuldaernachrichten.de\/index.php?rest_route=\/wp\/v2\/types\/post"}],"author":[{"embeddable":true,"href":"https:\/\/www.fuldaernachrichten.de\/index.php?rest_route=\/wp\/v2\/users\/1"}],"replies":[{"embeddable":true,"href":"https:\/\/www.fuldaernachrichten.de\/index.php?rest_route=%2Fwp%2Fv2%2Fcomments&post=157089"}],"version-history":[{"count":1,"href":"https:\/\/www.fuldaernachrichten.de\/index.php?rest_route=\/wp\/v2\/posts\/157089\/revisions"}],"predecessor-version":[{"id":157104,"href":"https:\/\/www.fuldaernachrichten.de\/index.php?rest_route=\/wp\/v2\/posts\/157089\/revisions\/157104"}],"wp:attachment":[{"href":"https:\/\/www.fuldaernachrichten.de\/index.php?rest_route=%2Fwp%2Fv2%2Fmedia&parent=157089"}],"wp:term":[{"taxonomy":"category","embeddable":true,"href":"https:\/\/www.fuldaernachrichten.de\/index.php?rest_route=%2Fwp%2Fv2%2Fcategories&post=157089"},{"taxonomy":"post_tag","embeddable":true,"href":"https:\/\/www.fuldaernachrichten.de\/index.php?rest_route=%2Fwp%2Fv2%2Ftags&post=157089"}],"curies":[{"name":"wp","href":"https:\/\/api.w.org\/{rel}","templated":true}]}}