{"id":157068,"date":"2016-11-15T08:20:39","date_gmt":"2016-11-15T07:20:39","guid":{"rendered":"http:\/\/www.fuldaer-nachrichten.de\/?p=157068"},"modified":"2016-11-15T08:20:39","modified_gmt":"2016-11-15T07:20:39","slug":"mediana-geht-neue-wege-bei-der-gewinnung-und-bindung-von-mitarbeitern","status":"publish","type":"post","link":"https:\/\/www.fuldaernachrichten.de\/?p=157068","title":{"rendered":"Mediana geht neue Wege bei der Gewinnung und Bindung von Mitarbeitern"},"content":{"rendered":"<p>Personalverantwortliche der Mediana Gruppe wollen Image der Berufsbilder in der Altenpflege aufbessern<\/p>\n<p>&nbsp;<\/p>\n<p>Ein junger Mann sitzt in einer Tattoo-Werkstatt und l\u00e4sst sich t\u00e4towieren. Nichts besonderes in der heutigen Zeit, da so ziemlich jeder Fu\u00dfballspieler und viele Models ganze Kunstwerke auf ihrem K\u00f6rper tragen. In der n\u00e4chsten Sequenz des ungew\u00f6hnlichen Werbefilms f\u00e4hrt der gleiche Mann eine \u00e4ltere Dame in einem Rollstuhl durch die Flure einer Senioreneinrichtung. &#8220;Sei stolz auf deinen Job&#8221; lautet die Botschaft, die die fiktive Pflegefachkraft Matze M\u00fcller dem Zuschauer vermittelt. Bewerben soll man sich und zwar bei Mediana, denn \u00dcberraschung &#8211; dieser Schriftzug prangt auf dem t\u00e4towierten Oberarm des Darstellers.<\/p>\n<p>&nbsp;<\/p>\n<p>Ganze 47 Sekunden dauert der Spot und das reicht aus, um beim Zuschauer einen Aha-Effekt und vor allem ein leichtes Schmunzeln zu erzeugen. Gut gemacht, w\u00fcrden Werbefachleute zweifelsohne sagen. Aber ist das die richtige Art der Akquise um junge Menschen dazu zu bringen, einen Beruf in der Altenpflege zu w\u00e4hlen? Oder etablierte Mitarbeiter davon zu \u00fcberzeugen, bei einem Arbeitgeber in Lohn und Brot zu stehen, der das etwas angestaubte Image einer wichtigen und ernsthaften T\u00e4tigkeit mit solchen Mitteln aufbessern will?<\/p>\n<p>Ist es, sagen die Verantwortlichen der Mediana Gruppe. &#8220;Der demografische Wandel ist in vollem Gange. Fachlich qualifizierte Mitarbeiter in der Pflege und Betreuung von Senioren werden mehr und mehr zur Mangelware. Diesem Trend wollen wir entgegensteuern&#8221;, so Thorsten Roch, Gesch\u00e4ftsf\u00fchrer der Mediana Gruppe und verantwortlich f\u00fcr den Bereich Personal. Dazu haben er und seine Mitarbeiterinnen Jessica Otterbein, Teamleitung Personalmanagement, und Hannah Elster, Mitarbeiterin im Personalmanagement, einen Personal-Image-Film in Auftrag gegeben, der bei Max Collin Heydenreich in K\u00f6ln produziert wurde. Professionell besetzt mit Schauspieler Timo H\u00fcbsch, der unter anderem in Produktionen wie Alarm f\u00fcr Cobra 11 oder SOKO Wismar mitgewirkt hat, wirkt der Spot authentisch und sympathisch.<\/p>\n<p>&#8220;Bei aller Ernsthaftigkeit, die die Pflege und Betreuung von Senioren und Hilfsbed\u00fcrftigen mit sich bringt, ist es an der Zeit, neue Wege bei der Gewinnung von jungen Menschen f\u00fcr diese T\u00e4tigkeit zu gehen. Wir m\u00fcssen \u00fcberzeugen, zum einen f\u00fcr den Beruf als solches, zum anderen f\u00fcr Mediana als innovativen Arbeitgeber&#8221;, erkl\u00e4rt Thorsten Roch die Strategie hinter dieser ungew\u00f6hnlichen Aktion. Der Film l\u00e4uft noch bis Ende November im Cinestar Fulda und erreicht nach Ansicht des Gesch\u00e4ftsf\u00fchrers der Gruppe zweifelsohne die beabsichtigten Zielgruppen: junge Menschen, die sich beruflich noch orientieren, Mitarbeiter, die stolz darauf sind, bei Mediana zu arbeiten, und Wechselwillige, die in Mediana eine Alternative zu ihrem derzeitigen Arbeitgeber sehen.<\/p>\n<p>&#8220;Wir m\u00fcssen \u00fcber den Tellerrand hinausschauen und uns modernen Gegebenheiten anpassen. Dazu geh\u00f6rt auch ein frischer Auftritt, der zeigt, dass sich Jugend und F\u00fcrsorge f\u00fcr alte Menschen nicht zwangsl\u00e4ufig ausschlie\u00dfen. Wir wollen zuk\u00fcnftige Nachwuchskr\u00e4fte begeistern und sie dazu bringen, sich f\u00fcr unser Unternehmen zu interessieren&#8221;, erg\u00e4nzt Jessica Otterbein. Dank der unterschiedlichen Konzepte und M\u00f6glichkeiten die es bei Mediana gebe, k\u00f6nnten Menschen jeden Alters in der Unternehmensgruppe eine ihren Interessen entsprechende T\u00e4tigkeit erlernen oder aus\u00fcben, so die Teamleiterin Personalmanagement. Die Angebote f\u00fcr Mitarbeiter in der Unternehmensgruppe seien ebenso vielf\u00e4ltig wie aussichtsreich. Diverse Aus- und Weiterbildungsangebote, umfangreiche Entfaltungsm\u00f6glichkeiten, hervorragende Karriereaussichten aber auch die besondere Unterst\u00fctzung der Mitarbeiter und Mitarbeiterinnen mit Familien geh\u00f6ren bei Mediana zum Angebot.<\/p>\n<p>&#8220;Wir brauchen Menschen mit Sozialkompetenz, Verantwortungsbewusstsein und Teamgeist. Altenpflege ist mehr als nur Senioren zu versorgen&#8221;, wei\u00df Gesch\u00e4ftsf\u00fchrer Roch aus eigener Erfahrung. Er kennt die Schattenseiten des Berufs wie Schicht- und Wochenenddienst, das Einspringen f\u00fcr erkrankte Kollegen und die oftmals geringe Wertsch\u00e4tzung dieser h\u00f6chst anspruchsvollen T\u00e4tigkeit in der \u00d6ffentlichkeit. &#8220;Wir wollen erreichen, dass die gesellschaftliche Anerkennung des Berufs der Altenpflege steigt, insbesondere bei jungen Menschen. Dazu und als Aufforderung, sich bei uns zu bewerben, wollen wir den Spot verstanden wissen, der im Studio in K\u00f6ln und in unserem Pflegestift in Fulda unter Mitwirkung von Bewohnerin Elisabeth Weitzel gedreht wurde&#8221;, so der Gesch\u00e4ftsf\u00fchrer.<\/p>\n<p><u>Kontakt<\/u><\/p>\n<p>Mediana Holding GmbH &amp; Co. KG<\/p>\n<p>Von-Schildeck-Stra\u00dfe 15<\/p>\n<p>Teamleitung Personalmanagement:<\/p>\n<p>Jessica Otterbein<\/p>\n<p>36043 Fulda<\/p>\n<p>Tel. 0661\/480 299 161<\/p>\n<p>jessica.otterbein@mediana.de<\/p>\n<p>www.mediana.de<\/p>\n","protected":false},"excerpt":{"rendered":"<div class=\"tmnf_excerpt\"><p>Personalverantwortliche der Mediana Gruppe wollen Image der Berufsbilder in der Altenpflege aufbessern &nbsp; Ein junger Mann sitzt in einer Tattoo-Werkstatt und l\u00e4sst sich t\u00e4towieren. Nichts besonderes in der heutigen Zeit, da so ziemlich jeder Fu\u00dfballspieler und viele Models ganze Kunstwerke auf ihrem K\u00f6rper tragen. In der n\u00e4chsten Sequenz des ungew\u00f6hnlichen Werbefilms f\u00e4hrt der gleiche Mann &hellip;<\/p>\n<\/div>","protected":false},"author":1,"featured_media":157071,"comment_status":"closed","ping_status":"closed","sticky":false,"template":"","format":"standard","meta":{"footnotes":""},"categories":[1],"tags":[],"class_list":["post-157068","post","type-post","status-publish","format-standard","has-post-thumbnail","hentry","category-startseite"],"_links":{"self":[{"href":"https:\/\/www.fuldaernachrichten.de\/index.php?rest_route=\/wp\/v2\/posts\/157068","targetHints":{"allow":["GET"]}}],"collection":[{"href":"https:\/\/www.fuldaernachrichten.de\/index.php?rest_route=\/wp\/v2\/posts"}],"about":[{"href":"https:\/\/www.fuldaernachrichten.de\/index.php?rest_route=\/wp\/v2\/types\/post"}],"author":[{"embeddable":true,"href":"https:\/\/www.fuldaernachrichten.de\/index.php?rest_route=\/wp\/v2\/users\/1"}],"replies":[{"embeddable":true,"href":"https:\/\/www.fuldaernachrichten.de\/index.php?rest_route=%2Fwp%2Fv2%2Fcomments&post=157068"}],"version-history":[{"count":1,"href":"https:\/\/www.fuldaernachrichten.de\/index.php?rest_route=\/wp\/v2\/posts\/157068\/revisions"}],"predecessor-version":[{"id":157072,"href":"https:\/\/www.fuldaernachrichten.de\/index.php?rest_route=\/wp\/v2\/posts\/157068\/revisions\/157072"}],"wp:featuredmedia":[{"embeddable":true,"href":"https:\/\/www.fuldaernachrichten.de\/index.php?rest_route=\/wp\/v2\/media\/157071"}],"wp:attachment":[{"href":"https:\/\/www.fuldaernachrichten.de\/index.php?rest_route=%2Fwp%2Fv2%2Fmedia&parent=157068"}],"wp:term":[{"taxonomy":"category","embeddable":true,"href":"https:\/\/www.fuldaernachrichten.de\/index.php?rest_route=%2Fwp%2Fv2%2Fcategories&post=157068"},{"taxonomy":"post_tag","embeddable":true,"href":"https:\/\/www.fuldaernachrichten.de\/index.php?rest_route=%2Fwp%2Fv2%2Ftags&post=157068"}],"curies":[{"name":"wp","href":"https:\/\/api.w.org\/{rel}","templated":true}]}}