{"id":157066,"date":"2016-11-15T08:21:42","date_gmt":"2016-11-15T07:21:42","guid":{"rendered":"http:\/\/www.fuldaer-nachrichten.de\/?p=157066"},"modified":"2016-11-15T08:21:42","modified_gmt":"2016-11-15T07:21:42","slug":"295-jahre-im-vinzentinischen-dienst-mutterhaus-ehrte-langjaehrige-mitarbeiter","status":"publish","type":"post","link":"https:\/\/www.fuldaernachrichten.de\/?p=157066","title":{"rendered":"295 Jahre im vinzentinischen Dienst \u2013 Mutterhaus ehrte langj\u00e4hrige Mitarbeiter"},"content":{"rendered":"<p><strong>Trotz bereits erfolgter Ehrungen in den Einrichtungen haben es sich die Barmherzigen Schwestern aus dem Mutterhaus Fulda nicht nehmen lassen, die Mitarbeiterinnen und Mitarbeiter zu einer kleinen Feierstunde in das Mutterhaus einzuladen, die in 2016 Dienstjubil\u00e4en feiern konnten. Generaloberin Sr. Birgit Bohn begr\u00fc\u00dfte die Jubilare, Mitschwestern und Mitarbeiter der Zentrralverwaltung und dankte den Jubilaren f\u00fcr ihren treuen Dienst am N\u00e4chsten.<\/strong><\/p>\n<p><strong>\u00c2\u00a0<\/strong><\/p>\n<p>\u201eNichts ist vergeblich von dem, was wir unseren Mitmenschen geben oder auch bewegen\u201c, sagte Sr. Birgit w\u00e4hrend ihrer Ansprache, \u201eund sie alle haben viel gegeben und viel bewegt, da wo sie ihren Dienst getan haben\u201c. 25 bzw. 40 Jahre Dienst im Haus der barmherzigen Schwestern sei mehr als nur Arbeit zur Sicherung der Existenz, so die Generaloberin, und diesen Dienst k\u00f6nne man nicht mit Leidenschaft tun, wenn man nicht selbst die N\u00e4chstenliebe im Herzen trage. \u201eDurch ihre Identifikation mit unserem Lebens- und Glaubensinhalt ist es erst m\u00f6glich, so Sr. Birgit weiter, \u201ediesen Dienst am N\u00e4chsten im Sinne unseres Ordenspatrons Vinzenz von Paul mit Kopf und Hand und Herz zu tun\u201c.<\/p>\n<p>&nbsp;<\/p>\n<p><strong>Annette Andr\u00e4\u00c2\u00a0<\/strong>nahm im Oktober 1991 ihre T\u00e4tigkeit als Mitarbeiterin im Schreib- und Sekretariatsdienst im Mutterhaus auf, dem sie bis heute angeh\u00f6rt.\u00c2\u00a0<strong>Monika Dietzel<\/strong>wurde im April 1991 als Erzieherin in der Kita St. Vinzenz in Kassel eingestellt, ebenso wie\u00c2\u00a0<strong>Martina Jung<\/strong>, die im September 1991 einige Monate sp\u00e4ter als Erzieherin ihren Dienst antrat.\u00c2\u00a0<strong>Sabine G\u00f6rner\u00c2\u00a0<\/strong>ist seit April 1991 als Schneiderin im Mutterhaus t\u00e4tig und vor allem f\u00fcr die Schwesternkleidung zust\u00e4ndig.\u00c2\u00a0<strong>Edeltrud Schleich\u00c2\u00a0<\/strong>trat im September 1991 als Mitarbeiterin im Hauswirtschaftsdienst im Alten- und Pflegeheim St. Elisabeth Marburg in den Dienst der Barmherzigen Schwestern. Bereits im Februar 1991 wurde<strong>Heinz-Willi Peetzen\u00c2\u00a0<\/strong>als Hausmeister im Alten- und Pflegeheim St. Luise in Marburg eingestellt. 2012 wechselte er in das neue Heim St. Elisabeth in Marburg. Im Oktober 1991 kam\u00c2\u00a0<strong>Stephanie Werner\u00c2\u00a0<\/strong>in die Verwaltung und die Buchhaltung im Mutterhaus Fulda, beendete im September 1993\u00c2\u00a0ihre Fortbildung zur Bilanzbuchhalterin und ist heute als gro\u00dfe St\u00fctze aus der Buchhaltung nicht mehr wegzudenken. Im Januar 1991 nahm\u00c2\u00a0<strong>Eva Kepinski<\/strong>\u00c2\u00a0ihre T\u00e4tigkeit als Mitarbeiterin im Erziehungsdienst in der Kita St. Elisabeth in Hanau auf, in der auch\u00c2\u00a0<strong>Zekiye Eksi\u00c2\u00a0<\/strong>seit August 1991 als Raumpflegerin arbeitet. Ein besonderes Jubil\u00e4um, n\u00e4mlich 40 Jahre im vinzentinischen Dienst, konnte<strong>Birgit Ruppel<\/strong>\u00c2\u00a0feiern. Im August 1976 kam sie als Kinderpflegerin in die damalige Kita des Mutterhauses. Sp\u00e4ter wechselte sie mit in das Kinderhaus St. Luise und schloss im September 1997 eine Weiterbildung als Erzieherin erfolgreich ab. Bekannt als<em>\u201eBlumenfee\u201c<\/em>\u00c2\u00a0des Kinderhauses k\u00fcmmert sie sich auch um die Anpflanzungen vor allem im Au\u00dfenbereich. Als Zeichen des Dankes \u00fcberreichte Sr. Birgit allen Jubilaren eine Ehrenurkunde und eine Vinzenz-Uhr. Auf kein offizielles Jubil\u00e4um, aber auf 30 Jahre im vinzentinischen Dienst kann\u00c2\u00a0<strong>Harald Hochgreef\u00c2\u00a0<\/strong>zur\u00fcckblicken, der im Februar 1986 im Herz-Jesu-Krankenhaus Fulda eingestellt wurde und im Jahr 2000 als Kaufm\u00e4nnischer Leiter in die Zentralverwaltung des Mutterhauses wechselte. Von Sr. Birgit offiziell verabschiedet wurde dann auch\u00c2\u00a0<strong>Waltraud Schmitt<\/strong>, die im August 2000 als Mitarbeiterin in der Hauswirtschaft ihren Dienst angetreten hatte und Ende Mai wegen Erreichen des Rentenalters ausgeschieden war. Eine gemeinsame Kaffeetafel und viele interessante Gespr\u00e4che rundeten den Nachmittag ab.<\/p>\n<p>&nbsp;<\/p>\n<p><strong>Foto:\u00c2\u00a0<\/strong>(v.l.n.r.) Birgit Ruppel, Sr. Birgit Bohn, Edeltrud Schleich, Sabine G\u00f6rner, Stephanie Werner, Harald Hochgreef, Annette Andr\u00e4, Martina Jung, Monika Dietzel,<\/p>\n","protected":false},"excerpt":{"rendered":"<div class=\"tmnf_excerpt\"><p>Trotz bereits erfolgter Ehrungen in den Einrichtungen haben es sich die Barmherzigen Schwestern aus dem Mutterhaus Fulda nicht nehmen lassen, die Mitarbeiterinnen und Mitarbeiter zu einer kleinen Feierstunde in das Mutterhaus einzuladen, die in 2016 Dienstjubil\u00e4en feiern konnten. Generaloberin Sr. Birgit Bohn begr\u00fc\u00dfte die Jubilare, Mitschwestern und Mitarbeiter der Zentrralverwaltung und dankte den Jubilaren f\u00fcr &hellip;<\/p>\n<\/div>","protected":false},"author":1,"featured_media":157073,"comment_status":"closed","ping_status":"closed","sticky":false,"template":"","format":"standard","meta":{"footnotes":""},"categories":[1],"tags":[],"class_list":["post-157066","post","type-post","status-publish","format-standard","has-post-thumbnail","hentry","category-startseite"],"_links":{"self":[{"href":"https:\/\/www.fuldaernachrichten.de\/index.php?rest_route=\/wp\/v2\/posts\/157066","targetHints":{"allow":["GET"]}}],"collection":[{"href":"https:\/\/www.fuldaernachrichten.de\/index.php?rest_route=\/wp\/v2\/posts"}],"about":[{"href":"https:\/\/www.fuldaernachrichten.de\/index.php?rest_route=\/wp\/v2\/types\/post"}],"author":[{"embeddable":true,"href":"https:\/\/www.fuldaernachrichten.de\/index.php?rest_route=\/wp\/v2\/users\/1"}],"replies":[{"embeddable":true,"href":"https:\/\/www.fuldaernachrichten.de\/index.php?rest_route=%2Fwp%2Fv2%2Fcomments&post=157066"}],"version-history":[{"count":1,"href":"https:\/\/www.fuldaernachrichten.de\/index.php?rest_route=\/wp\/v2\/posts\/157066\/revisions"}],"predecessor-version":[{"id":157074,"href":"https:\/\/www.fuldaernachrichten.de\/index.php?rest_route=\/wp\/v2\/posts\/157066\/revisions\/157074"}],"wp:featuredmedia":[{"embeddable":true,"href":"https:\/\/www.fuldaernachrichten.de\/index.php?rest_route=\/wp\/v2\/media\/157073"}],"wp:attachment":[{"href":"https:\/\/www.fuldaernachrichten.de\/index.php?rest_route=%2Fwp%2Fv2%2Fmedia&parent=157066"}],"wp:term":[{"taxonomy":"category","embeddable":true,"href":"https:\/\/www.fuldaernachrichten.de\/index.php?rest_route=%2Fwp%2Fv2%2Fcategories&post=157066"},{"taxonomy":"post_tag","embeddable":true,"href":"https:\/\/www.fuldaernachrichten.de\/index.php?rest_route=%2Fwp%2Fv2%2Ftags&post=157066"}],"curies":[{"name":"wp","href":"https:\/\/api.w.org\/{rel}","templated":true}]}}