{"id":157058,"date":"2016-11-15T08:17:36","date_gmt":"2016-11-15T07:17:36","guid":{"rendered":"http:\/\/www.fuldaer-nachrichten.de\/?p=157058"},"modified":"2016-11-15T08:17:36","modified_gmt":"2016-11-15T07:17:36","slug":"statement-von-birgit-koempel-zur-entscheidung-der-union-frank-walter-steinmeier-als-kandidat-fuer-das-amt-des-bundespraesidenten-zu-unterstuetzen","status":"publish","type":"post","link":"https:\/\/www.fuldaernachrichten.de\/?p=157058","title":{"rendered":"Statement von Birgit K\u00f6mpel zur Entscheidung der Union, Frank-Walter Steinmeier als Kandidat f\u00fcr das Amt des Bundespr\u00e4sidenten zu unterst\u00fctzen"},"content":{"rendered":"<p>Ich freue mich sehr \u00fcber die Entscheidung pro Frank-Walter Steinmeier. Und ich finde es dem Amt angemessen, dass sich die gro\u00dfen Parteien auf einen gemeinsamen Kandidaten geeinigt haben. Ich habe viele Jahre im Personalbereich gearbeitet. In der Wirtschaft z\u00e4hlt Qualifikation und pers\u00f6nliche Eignung. Es freut mich, dass nun auch die Union erkannt hat, dass Erfahrung, internationale Kontakte und eine integre Pers\u00f6nlichkeit weitaus wichtiger sind als das richtige Parteibuch. Ich kenne niemanden, der besser geeignet w\u00e4re als Frank-Walter. Er w\u00fcrde mit Engagement und Respekt das Amt antreten und w\u00e4re nat\u00fcrlich ein geeigneter Nachfolger von Joachim Gauck.<\/p>\n<p>&nbsp;<\/p>\n<p>&nbsp;<\/p>\n","protected":false},"excerpt":{"rendered":"<div class=\"tmnf_excerpt\"><p>Ich freue mich sehr \u00fcber die Entscheidung pro Frank-Walter Steinmeier. Und ich finde es dem Amt angemessen, dass sich die gro\u00dfen Parteien auf einen gemeinsamen Kandidaten geeinigt haben. Ich habe viele Jahre im Personalbereich gearbeitet. In der Wirtschaft z\u00e4hlt Qualifikation und pers\u00f6nliche Eignung. Es freut mich, dass nun auch die Union erkannt hat, dass Erfahrung, &hellip;<\/p>\n<\/div>","protected":false},"author":1,"featured_media":157064,"comment_status":"closed","ping_status":"closed","sticky":false,"template":"","format":"standard","meta":{"footnotes":""},"categories":[1],"tags":[],"class_list":["post-157058","post","type-post","status-publish","format-standard","has-post-thumbnail","hentry","category-startseite"],"_links":{"self":[{"href":"https:\/\/www.fuldaernachrichten.de\/index.php?rest_route=\/wp\/v2\/posts\/157058","targetHints":{"allow":["GET"]}}],"collection":[{"href":"https:\/\/www.fuldaernachrichten.de\/index.php?rest_route=\/wp\/v2\/posts"}],"about":[{"href":"https:\/\/www.fuldaernachrichten.de\/index.php?rest_route=\/wp\/v2\/types\/post"}],"author":[{"embeddable":true,"href":"https:\/\/www.fuldaernachrichten.de\/index.php?rest_route=\/wp\/v2\/users\/1"}],"replies":[{"embeddable":true,"href":"https:\/\/www.fuldaernachrichten.de\/index.php?rest_route=%2Fwp%2Fv2%2Fcomments&post=157058"}],"version-history":[{"count":1,"href":"https:\/\/www.fuldaernachrichten.de\/index.php?rest_route=\/wp\/v2\/posts\/157058\/revisions"}],"predecessor-version":[{"id":157065,"href":"https:\/\/www.fuldaernachrichten.de\/index.php?rest_route=\/wp\/v2\/posts\/157058\/revisions\/157065"}],"wp:featuredmedia":[{"embeddable":true,"href":"https:\/\/www.fuldaernachrichten.de\/index.php?rest_route=\/wp\/v2\/media\/157064"}],"wp:attachment":[{"href":"https:\/\/www.fuldaernachrichten.de\/index.php?rest_route=%2Fwp%2Fv2%2Fmedia&parent=157058"}],"wp:term":[{"taxonomy":"category","embeddable":true,"href":"https:\/\/www.fuldaernachrichten.de\/index.php?rest_route=%2Fwp%2Fv2%2Fcategories&post=157058"},{"taxonomy":"post_tag","embeddable":true,"href":"https:\/\/www.fuldaernachrichten.de\/index.php?rest_route=%2Fwp%2Fv2%2Ftags&post=157058"}],"curies":[{"name":"wp","href":"https:\/\/api.w.org\/{rel}","templated":true}]}}