{"id":157014,"date":"2016-11-13T17:13:02","date_gmt":"2016-11-13T16:13:02","guid":{"rendered":"http:\/\/www.fuldaer-nachrichten.de\/?p=157014"},"modified":"2016-11-13T17:13:02","modified_gmt":"2016-11-13T16:13:02","slug":"frauenfruehstueck-am-mittwoch-16-november-2016","status":"publish","type":"post","link":"https:\/\/www.fuldaernachrichten.de\/?p=157014","title":{"rendered":"Frauenfr\u00fchst\u00fcck am Mittwoch, 16. November 2016"},"content":{"rendered":"<p>Am 16. November l\u00e4dt das St. Bonifatiuskloster in H\u00fcnfeld wieder zum Frauenfr\u00fchst\u00fcck ein. Hartmut A. Schwab, der Leiter des ambulanten Pflegedienstes Mediana Mobil, spricht \u00fcber das Thema: \u201eDemenz \u2013 Hilfe beim Helfen\u201c. Das Frauenfr\u00fchst\u00fcck beginnt um 8.30 Uhr mit der Feier der heiligen Messe in der Klosterkirche, Fr\u00fchst\u00fcck und Vortrag mit Gespr\u00e4ch schlie\u00dfen sich an, Ende ist gegen 11.15 Uhr. Der Beitrag f\u00fcr das Fr\u00fchst\u00fcck und den Referenten betr\u00e4gt 7,50 \u00e2\u201a\u00ac pro Person.<\/p>\n<p>Das n\u00e4chste Frauenfr\u00fchst\u00fcck wird am Mittwoch, 14. Dezember 2016 sein.<br \/>\nUm Anmeldung im G\u00e4steb\u00fcro des St. Bonifatiusklosters wird gebeten: gaestebuero@bonifatiuskloster.de oder 06652\/94537.<\/p>\n","protected":false},"excerpt":{"rendered":"<div class=\"tmnf_excerpt\"><p>Am 16. November l\u00e4dt das St. Bonifatiuskloster in H\u00fcnfeld wieder zum Frauenfr\u00fchst\u00fcck ein. Hartmut A. Schwab, der Leiter des ambulanten Pflegedienstes Mediana Mobil, spricht \u00fcber das Thema: \u201eDemenz \u2013 Hilfe beim Helfen\u201c. Das Frauenfr\u00fchst\u00fcck beginnt um 8.30 Uhr mit der Feier der heiligen Messe in der Klosterkirche, Fr\u00fchst\u00fcck und Vortrag mit Gespr\u00e4ch schlie\u00dfen sich an, &hellip;<\/p>\n<\/div>","protected":false},"author":1,"featured_media":0,"comment_status":"closed","ping_status":"closed","sticky":false,"template":"","format":"standard","meta":{"footnotes":""},"categories":[1],"tags":[],"class_list":["post-157014","post","type-post","status-publish","format-standard","hentry","category-startseite"],"_links":{"self":[{"href":"https:\/\/www.fuldaernachrichten.de\/index.php?rest_route=\/wp\/v2\/posts\/157014","targetHints":{"allow":["GET"]}}],"collection":[{"href":"https:\/\/www.fuldaernachrichten.de\/index.php?rest_route=\/wp\/v2\/posts"}],"about":[{"href":"https:\/\/www.fuldaernachrichten.de\/index.php?rest_route=\/wp\/v2\/types\/post"}],"author":[{"embeddable":true,"href":"https:\/\/www.fuldaernachrichten.de\/index.php?rest_route=\/wp\/v2\/users\/1"}],"replies":[{"embeddable":true,"href":"https:\/\/www.fuldaernachrichten.de\/index.php?rest_route=%2Fwp%2Fv2%2Fcomments&post=157014"}],"version-history":[{"count":1,"href":"https:\/\/www.fuldaernachrichten.de\/index.php?rest_route=\/wp\/v2\/posts\/157014\/revisions"}],"predecessor-version":[{"id":157020,"href":"https:\/\/www.fuldaernachrichten.de\/index.php?rest_route=\/wp\/v2\/posts\/157014\/revisions\/157020"}],"wp:attachment":[{"href":"https:\/\/www.fuldaernachrichten.de\/index.php?rest_route=%2Fwp%2Fv2%2Fmedia&parent=157014"}],"wp:term":[{"taxonomy":"category","embeddable":true,"href":"https:\/\/www.fuldaernachrichten.de\/index.php?rest_route=%2Fwp%2Fv2%2Fcategories&post=157014"},{"taxonomy":"post_tag","embeddable":true,"href":"https:\/\/www.fuldaernachrichten.de\/index.php?rest_route=%2Fwp%2Fv2%2Ftags&post=157014"}],"curies":[{"name":"wp","href":"https:\/\/api.w.org\/{rel}","templated":true}]}}